{"id":900,"date":"2018-04-12T09:52:35","date_gmt":"2018-04-12T09:52:35","guid":{"rendered":"https:\/\/neu.kunsthaus-viernheim.de\/?page_id=900"},"modified":"2024-08-05T08:06:54","modified_gmt":"2024-08-05T08:06:54","slug":"szenarien-des-mobilen-eine-fotografische-reflexion","status":"publish","type":"post","link":"https:\/\/neu.kunsthaus-viernheim.de\/?p=900","title":{"rendered":"Szenarien des Mobilen \u2013 Eine fotografische Reflexion"},"content":{"rendered":"<h4><a href=\"https:\/\/neu.kunsthaus-viernheim.de\/wp-content\/uploads\/2018\/04\/mobility1.jpg\"><strong>Er\u00f6ffnung 20. April um 19 Uhr<\/strong><img loading=\"lazy\" decoding=\"async\" class=\"alignnone size-full wp-image-905\" src=\"https:\/\/neu.kunsthaus-viernheim.de\/wp-content\/uploads\/2018\/04\/mobility1.jpg\" alt=\"\" width=\"1000\" height=\"459\" srcset=\"https:\/\/neu.kunsthaus-viernheim.de\/wp-content\/uploads\/2018\/04\/mobility1.jpg 1000w, https:\/\/neu.kunsthaus-viernheim.de\/wp-content\/uploads\/2018\/04\/mobility1-300x138.jpg 300w, https:\/\/neu.kunsthaus-viernheim.de\/wp-content\/uploads\/2018\/04\/mobility1-768x353.jpg 768w, https:\/\/neu.kunsthaus-viernheim.de\/wp-content\/uploads\/2018\/04\/mobility1-500x230.jpg 500w\" sizes=\"auto, (max-width: 1000px) 100vw, 1000px\" \/><\/a><\/h4>\n<p><strong>Junge Fotografinnen und Fotografen des Europ\u00e4ischen Fotozentrums Viernheim begegnen der Mobilit\u00e4t<\/strong><\/p>\n<p>Angeregt von Philipp Granzow, vom Viernheimer Brundtlandb\u00fcro, das sich mit Fragen der Energie und einer nachhaltigen \u00f6kologischen Entwicklung befasst, entstand ein fotografisches Kooperationsprojekt des Viernheimer Fotozentrums Friedrich-Fr\u00f6bel-Schule, des Viernheimer Brundtlandb\u00fcros und dem Kunstverein Viernheim.<\/p>\n<p>Entstanden ist ein breites Spektrum von Bildern, das auf vielf\u00e4ltige und eindrucksvolle Weise Szenarien des Mobilen zeigt. \u201eEs war f\u00fcr unsere jungen Fotografinnen und Fotografen ein recht schwieriges Thema\u201c, betonte Tanja Eickmeier, die Leiterin des Viernheimer Fotozentrums in der Friedrich-Fr\u00f6bel-Schule. \u201eEinerseits macht uns das graue Wetter der letzten Monate echte Probleme und andererseits mussten wir uns, trotz der Ph\u00e4nomene globaler Mobilit\u00e4t, weitgehend auf den heimatlichen Radius der Jugendlichen beschr\u00e4nken.\u201c<\/p>\n<p>Die Ausstellung wird am <strong>20. April um 19.00 Uhr im Kunsthaus<\/strong> <strong>er\u00f6ffnet<\/strong>. Sie kann bis zum 19.05.18 besucht werden. \u00d6ffnungszeiten Kunsthaus: Do + Fr 15-18 Uhr, Sa 10-13 Uhr<\/p>\n<p><strong>Sonder\u00f6ffnungszeit (verkaufsoffener Sonntag):\u00a0 22.4.18, 13-18 Uhr<\/strong><\/p>\n","protected":false},"excerpt":{"rendered":"<p>Er\u00f6ffnung 20. April um 19 Uhr Junge Fotografinnen und Fotografen des Europ\u00e4ischen Fotozentrums Viernheim begegnen der Mobilit\u00e4t Angeregt von Philipp Granzow, vom Viernheimer Brundtlandb\u00fcro, das sich mit Fragen der Energie und einer nachhaltigen \u00f6kologischen Entwicklung befasst, entstand ein fotografisches Kooperationsprojekt &hellip; <a href=\"https:\/\/neu.kunsthaus-viernheim.de\/?p=900\">Weiterlesen <span class=\"meta-nav\">&rarr;<\/span><\/a><\/p>\n","protected":false},"author":2,"featured_media":0,"comment_status":"closed","ping_status":"closed","sticky":false,"template":"","format":"standard","meta":{"footnotes":""},"categories":[19],"tags":[],"class_list":["post-900","post","type-post","status-publish","format-standard","hentry","category-ausstellungen"],"_links":{"self":[{"href":"https:\/\/neu.kunsthaus-viernheim.de\/index.php?rest_route=\/wp\/v2\/posts\/900","targetHints":{"allow":["GET"]}}],"collection":[{"href":"https:\/\/neu.kunsthaus-viernheim.de\/index.php?rest_route=\/wp\/v2\/posts"}],"about":[{"href":"https:\/\/neu.kunsthaus-viernheim.de\/index.php?rest_route=\/wp\/v2\/types\/post"}],"author":[{"embeddable":true,"href":"https:\/\/neu.kunsthaus-viernheim.de\/index.php?rest_route=\/wp\/v2\/users\/2"}],"replies":[{"embeddable":true,"href":"https:\/\/neu.kunsthaus-viernheim.de\/index.php?rest_route=%2Fwp%2Fv2%2Fcomments&post=900"}],"version-history":[{"count":5,"href":"https:\/\/neu.kunsthaus-viernheim.de\/index.php?rest_route=\/wp\/v2\/posts\/900\/revisions"}],"predecessor-version":[{"id":904,"href":"https:\/\/neu.kunsthaus-viernheim.de\/index.php?rest_route=\/wp\/v2\/posts\/900\/revisions\/904"}],"wp:attachment":[{"href":"https:\/\/neu.kunsthaus-viernheim.de\/index.php?rest_route=%2Fwp%2Fv2%2Fmedia&parent=900"}],"wp:term":[{"taxonomy":"category","embeddable":true,"href":"https:\/\/neu.kunsthaus-viernheim.de\/index.php?rest_route=%2Fwp%2Fv2%2Fcategories&post=900"},{"taxonomy":"post_tag","embeddable":true,"href":"https:\/\/neu.kunsthaus-viernheim.de\/index.php?rest_route=%2Fwp%2Fv2%2Ftags&post=900"}],"curies":[{"name":"wp","href":"https:\/\/api.w.org\/{rel}","templated":true}]}}