{"id":875,"date":"2017-11-07T09:08:21","date_gmt":"2017-11-07T09:08:21","guid":{"rendered":"https:\/\/neu.kunsthaus-viernheim.de\/?page_id=875"},"modified":"2024-08-05T08:07:22","modified_gmt":"2024-08-05T08:07:22","slug":"terra-incognito","status":"publish","type":"post","link":"https:\/\/neu.kunsthaus-viernheim.de\/?p=875","title":{"rendered":"TERRA INC\u00d3GNITO"},"content":{"rendered":"<p><strong><img decoding=\"async\" src=\"https:\/\/kunstverein-viernheim.de\/assets\/images\/id\/1\/Header_Francisco.jpg\" alt=\"https:\/\/kunstverein-viernheim.de\/assets\/images\/id\/1\/Header_Francisco.jpg\" \/><\/strong><\/p>\n<p><strong>FRANCISCO KLINGER CARVALHO Arbeiten von 1998 bis 2017<br \/>\n<\/strong><\/p>\n<p><strong>Er\u00f6ffnung: Freitag 24.11.2017, 19:00 Uhr<\/strong><\/p>\n<p>Der brasilianische K\u00fcnstler Francisco Klinger Carvalho war bereits im Rahmen der Gruppenausstellung NEULAND im Kunstverein vertreten. Dass wir ihm jetzt eine Einzelausstellung widmen, ist seinen aufregenden Arbeiten geschuldet, die zwischen Installation, Skulptur und sozialer Intervention changieren und zu gro\u00dfen Teilen direkt vor Ort entwickelt werden.<\/p>\n<p>Francisco Klinger Carvalho ist ein K\u00fcnstler ohne eigenes Atelier. Er arbeitet mit Menschen und Dingen, die er vor Ort vorfindet. Eine Installation im Kunsthaus Viernheim steht beispielhaft f\u00fcr die k\u00fcnstlerische Intervention mit der er die soziale Vielfalt und architektonische Einfalt der Stadt Viernheim thematisiert.Carvalho zeigt Verbindungen auf, die zwischen den Bewohnern, den kleinen Gesch\u00e4ften,den Kneipen und Caf\u00e9s deutlich werden, indem er die Leute dort um Leihgaben bittet, die er w\u00e4hrend der Ausstellungsdauer zu einerm Enviroment zusammenf\u00fcgt.<\/p>\n<p>In seinen Arbeiten reflektiert Francisco Klinger Carvalho Formen der Dislokation, die wie eine Reise an Ort und Stelle \u2013 von nah zu fern \u2013 Getrenntes, Versprengtes, Gegens\u00e4tzliches und Widerspr\u00fcchliches zusammenf\u00fchren als Intensit\u00e4ten im Hier und Jetzt. Mit dem analytischen Blick des Forschungsreisenden, mit der akribischen Sorgfalt des Arch\u00e4ologen versammelt der K\u00fcnstler in seinen Arbeiten Leitmotive einer Erinnerung, die nicht durch Nostalgie und Sentimentalit\u00e4t verblendet\u00a0 ist. Eine Erinnerung,\u00a0 die nirgendwo zum Verweilen einl\u00e4dt, sondern immer unterwegs ist \u2013 zu anderen Orten, anderen Sichten, anderen Bildern, anderen Blicken.<br \/>\nDie Ausstellung \u201cTerra Inc\u00f3gnita\u201c\u00a0 &#8211; Unbekanntes Land\u00a0 &#8211; pr\u00e4sentiert eine Gruppe umfassender Skulpturen, Zeichnungen und Fotos in einem ma\u00dfgeschneiderten Essay,\u00a0 das sich im Raum offenbart, in dem er die soziale Vielfalt und architektonische Einfachheit thematisiert.<\/p>\n<p class=\"font8\">*1966 in \u00d3bidos, Brasilien, lebt in Mannheim<br \/>\nEr studierte an der Universidade Federal do Estado do Par\u00e1, Belem und der Kunstakademie D\u00fcsseldorf. Seine Arbeiten wurden bisher in zahlreichen Ausstellungen in Brasilien, Chile, Deutschland, Kolumbien, \u00d6sterreich und der Schweiz gezeigt.<\/p>\n<p>&nbsp;<\/p>\n<p>&nbsp;<\/p>\n<p><b>Er\u00f6ffnung: Freitag 24.11.2017, 19:00 Uhr<\/b><\/p>\n<p>Begr\u00fc\u00dfung: Fritz Stier (Kunstverein Viernheim)<\/p>\n<p>Einf\u00fchrung: Stefanie Kleinsorge (Port25 Mannheim)<\/p>\n<p><strong>24. Nov. 2017 &#8211; 6.Jan. 2018<\/strong> (vom 24.12. bis 3.1. ist die Ausstellung geschlossen)<\/p>\n<p>&nbsp;<\/p>\n","protected":false},"excerpt":{"rendered":"<p>FRANCISCO KLINGER CARVALHO Arbeiten von 1998 bis 2017 Er\u00f6ffnung: Freitag 24.11.2017, 19:00 Uhr Der brasilianische K\u00fcnstler Francisco Klinger Carvalho war bereits im Rahmen der Gruppenausstellung NEULAND im Kunstverein vertreten. Dass wir ihm jetzt eine Einzelausstellung widmen, ist seinen aufregenden Arbeiten &hellip; <a href=\"https:\/\/neu.kunsthaus-viernheim.de\/?p=875\">Weiterlesen <span class=\"meta-nav\">&rarr;<\/span><\/a><\/p>\n","protected":false},"author":2,"featured_media":0,"comment_status":"closed","ping_status":"closed","sticky":false,"template":"","format":"standard","meta":{"footnotes":""},"categories":[19],"tags":[],"class_list":["post-875","post","type-post","status-publish","format-standard","hentry","category-ausstellungen"],"_links":{"self":[{"href":"https:\/\/neu.kunsthaus-viernheim.de\/index.php?rest_route=\/wp\/v2\/posts\/875","targetHints":{"allow":["GET"]}}],"collection":[{"href":"https:\/\/neu.kunsthaus-viernheim.de\/index.php?rest_route=\/wp\/v2\/posts"}],"about":[{"href":"https:\/\/neu.kunsthaus-viernheim.de\/index.php?rest_route=\/wp\/v2\/types\/post"}],"author":[{"embeddable":true,"href":"https:\/\/neu.kunsthaus-viernheim.de\/index.php?rest_route=\/wp\/v2\/users\/2"}],"replies":[{"embeddable":true,"href":"https:\/\/neu.kunsthaus-viernheim.de\/index.php?rest_route=%2Fwp%2Fv2%2Fcomments&post=875"}],"version-history":[{"count":4,"href":"https:\/\/neu.kunsthaus-viernheim.de\/index.php?rest_route=\/wp\/v2\/posts\/875\/revisions"}],"predecessor-version":[{"id":879,"href":"https:\/\/neu.kunsthaus-viernheim.de\/index.php?rest_route=\/wp\/v2\/posts\/875\/revisions\/879"}],"wp:attachment":[{"href":"https:\/\/neu.kunsthaus-viernheim.de\/index.php?rest_route=%2Fwp%2Fv2%2Fmedia&parent=875"}],"wp:term":[{"taxonomy":"category","embeddable":true,"href":"https:\/\/neu.kunsthaus-viernheim.de\/index.php?rest_route=%2Fwp%2Fv2%2Fcategories&post=875"},{"taxonomy":"post_tag","embeddable":true,"href":"https:\/\/neu.kunsthaus-viernheim.de\/index.php?rest_route=%2Fwp%2Fv2%2Ftags&post=875"}],"curies":[{"name":"wp","href":"https:\/\/api.w.org\/{rel}","templated":true}]}}