{"id":763,"date":"2015-08-24T16:27:48","date_gmt":"2015-08-24T16:27:48","guid":{"rendered":"https:\/\/neu.kunsthaus-viernheim.de\/?page_id=763"},"modified":"2024-08-05T08:07:22","modified_gmt":"2024-08-05T08:07:22","slug":"texturen","status":"publish","type":"post","link":"https:\/\/neu.kunsthaus-viernheim.de\/?p=763","title":{"rendered":"Texturen"},"content":{"rendered":"<h2><a href=\"https:\/\/neu.kunsthaus-viernheim.de\/wp-content\/uploads\/2015\/08\/Pietschmann_Einladung_2-1_web.jpg\"><img loading=\"lazy\" decoding=\"async\" class=\"alignnone size-full wp-image-764\" src=\"https:\/\/neu.kunsthaus-viernheim.de\/wp-content\/uploads\/2015\/08\/Pietschmann_Einladung_2-1_web.jpg\" alt=\"Pietschmann_Einladung_2-1_web\" width=\"800\" height=\"392\" srcset=\"https:\/\/neu.kunsthaus-viernheim.de\/wp-content\/uploads\/2015\/08\/Pietschmann_Einladung_2-1_web.jpg 800w, https:\/\/neu.kunsthaus-viernheim.de\/wp-content\/uploads\/2015\/08\/Pietschmann_Einladung_2-1_web-300x147.jpg 300w, https:\/\/neu.kunsthaus-viernheim.de\/wp-content\/uploads\/2015\/08\/Pietschmann_Einladung_2-1_web-500x245.jpg 500w\" sizes=\"auto, (max-width: 800px) 100vw, 800px\" \/><\/a><\/h2>\n<h2>Karin Pietschmann<br \/>\nRadierungen &amp; Zeichnungen<\/h2>\n<p>Er\u00f6ffnung: Freitag 04.Sept., 19:00 Uhr<br \/>\nBegr\u00fc\u00dfung: Fritz Stier (Kunstverein Viernheim)<br \/>\nEinf\u00fchrung: Dr. Dietmar Schuth<br \/>\n(Kunstverein Worms\/Schwetzingen)<\/p>\n<p>Karin Pietschmann lebt und arbeitet in Leipzig. F\u00fcr die Ausstellung hat die K\u00fcnstlerin eine repr\u00e4sentative Auswahl aus ihrem Schaffen der letzten zehn Jahre getroffen. Ihr Spezialgebiet ist die Radierung, wobei sie ihre Platten nach allen Regeln der Kunst \u2013 und manchmal auch unkonventionell \u2013 in einer Vielzahl von Arbeitsschritten \u201etraktiert\u201c. Kennzeichnend f\u00fcr die meist gro\u00dfformatigen Bl\u00e4tter sind ihre unmittelbaren, gleichsam k\u00f6rperlich erfahrbaren Raumwirkungen, der volumin\u00f6se, kraftvolle Eindruck ihrer abstrahierten, dunklen Farbfl\u00e4chen sowie der Wechsel von Statik und Dynamik.<\/p>\n","protected":false},"excerpt":{"rendered":"<p>Karin Pietschmann Radierungen &amp; Zeichnungen Er\u00f6ffnung: Freitag 04.Sept., 19:00 Uhr Begr\u00fc\u00dfung: Fritz Stier (Kunstverein Viernheim) Einf\u00fchrung: Dr. Dietmar Schuth (Kunstverein Worms\/Schwetzingen) Karin Pietschmann lebt und arbeitet in Leipzig. F\u00fcr die Ausstellung hat die K\u00fcnstlerin eine repr\u00e4sentative Auswahl aus ihrem Schaffen &hellip; <a href=\"https:\/\/neu.kunsthaus-viernheim.de\/?p=763\">Weiterlesen <span class=\"meta-nav\">&rarr;<\/span><\/a><\/p>\n","protected":false},"author":2,"featured_media":0,"comment_status":"closed","ping_status":"closed","sticky":false,"template":"","format":"standard","meta":{"footnotes":""},"categories":[19],"tags":[],"class_list":["post-763","post","type-post","status-publish","format-standard","hentry","category-ausstellungen"],"_links":{"self":[{"href":"https:\/\/neu.kunsthaus-viernheim.de\/index.php?rest_route=\/wp\/v2\/posts\/763","targetHints":{"allow":["GET"]}}],"collection":[{"href":"https:\/\/neu.kunsthaus-viernheim.de\/index.php?rest_route=\/wp\/v2\/posts"}],"about":[{"href":"https:\/\/neu.kunsthaus-viernheim.de\/index.php?rest_route=\/wp\/v2\/types\/post"}],"author":[{"embeddable":true,"href":"https:\/\/neu.kunsthaus-viernheim.de\/index.php?rest_route=\/wp\/v2\/users\/2"}],"replies":[{"embeddable":true,"href":"https:\/\/neu.kunsthaus-viernheim.de\/index.php?rest_route=%2Fwp%2Fv2%2Fcomments&post=763"}],"version-history":[{"count":1,"href":"https:\/\/neu.kunsthaus-viernheim.de\/index.php?rest_route=\/wp\/v2\/posts\/763\/revisions"}],"predecessor-version":[{"id":765,"href":"https:\/\/neu.kunsthaus-viernheim.de\/index.php?rest_route=\/wp\/v2\/posts\/763\/revisions\/765"}],"wp:attachment":[{"href":"https:\/\/neu.kunsthaus-viernheim.de\/index.php?rest_route=%2Fwp%2Fv2%2Fmedia&parent=763"}],"wp:term":[{"taxonomy":"category","embeddable":true,"href":"https:\/\/neu.kunsthaus-viernheim.de\/index.php?rest_route=%2Fwp%2Fv2%2Fcategories&post=763"},{"taxonomy":"post_tag","embeddable":true,"href":"https:\/\/neu.kunsthaus-viernheim.de\/index.php?rest_route=%2Fwp%2Fv2%2Ftags&post=763"}],"curies":[{"name":"wp","href":"https:\/\/api.w.org\/{rel}","templated":true}]}}