{"id":716,"date":"2014-06-10T08:09:27","date_gmt":"2014-06-10T08:09:27","guid":{"rendered":"https:\/\/neu.kunsthaus-viernheim.de\/?page_id=716"},"modified":"2024-08-05T08:07:42","modified_gmt":"2024-08-05T08:07:42","slug":"der-oder-die-taeter-sollen-sich-melden","status":"publish","type":"post","link":"https:\/\/neu.kunsthaus-viernheim.de\/?p=716","title":{"rendered":"Der oder die T\u00e4ter sollen sich melden"},"content":{"rendered":"<h2><span style=\"color: #000000;\">Ana Laibach &amp; Ingo Lehnhof<\/span><br \/>\n<span style=\"color: #000000;\">Mixed Media<\/span><\/h2>\n<p>Opening: Freitag 20.Juni 19 Uhr<\/p>\n<p><a href=\"https:\/\/neu.kunsthaus-viernheim.de\/wp-content\/uploads\/2014\/06\/Laibach_Lehnhof.jpg\"><img loading=\"lazy\" decoding=\"async\" class=\"alignnone size-full wp-image-718\" src=\"https:\/\/neu.kunsthaus-viernheim.de\/wp-content\/uploads\/2014\/06\/Laibach_Lehnhof.jpg\" alt=\"Ana Laibach Ingo Lehnhof\" width=\"800\" height=\"249\" srcset=\"https:\/\/neu.kunsthaus-viernheim.de\/wp-content\/uploads\/2014\/06\/Laibach_Lehnhof.jpg 800w, https:\/\/neu.kunsthaus-viernheim.de\/wp-content\/uploads\/2014\/06\/Laibach_Lehnhof-300x93.jpg 300w, https:\/\/neu.kunsthaus-viernheim.de\/wp-content\/uploads\/2014\/06\/Laibach_Lehnhof-500x155.jpg 500w\" sizes=\"auto, (max-width: 800px) 100vw, 800px\" \/><\/a><br \/>\nMit einem hoffnungsvollen Aufruf wenden sich die K\u00fcnstler Ingo Lehnhof und Ana Laibach mit der Ausstellung <em>Der oder die T\u00e4ter sollen sich melden <\/em>an die \u00d6ffentlichkeit. F\u00fcr gew\u00f6hnlich werden bei ungel\u00f6sten F\u00e4llen Zeugen gesucht. In diesem Fall jedoch besteht kein konkreter Tatbestand, au\u00dfer das im Fremdw\u00f6rterbuch das Wort Ellipse mit den Worten <em>Der oder die T\u00e4ter sollen sich melden<\/em> umschrieben und zum Casus Knaxus \/ Corpus delicti der Ausstellung ernannt wird.<\/p>\n<p>Es gibt viele T\u00e4ter, Wohlt\u00e4ter, \u00dcbelt\u00e4ter, Tatsachen, Tatorte, Tuworte und viel Tatendrang und Tat\u00fctata. In der Reihe der \u00dcberzeugungst\u00e4ter stellt sich das K\u00fcnstlerpaar Lehnhof &#8211; Laibach an, denn Maler haben keinen sehnlicheren Wunsch als geh\u00e4ngt zu werden (Werner Finck).<\/p>\n<p>Sie abstrahieren, reduzieren m\u00f6gliche Vorkommnisse in schwarz auf wei\u00df als Rauminstallation, zeigen nackte Tatsachen auf Leinw\u00e4nde, die nicht fern des Tatortes liegen oder liegen werden. Filme dokumentieren den Triebhaften Tatendrang und der Zweifel steht zur Seite. Ein Konglomerat mit System auf zwei Ebenen.<\/p>\n<p>Der gemeinsame ideelle Gedanke, den Ingo Lehnhof, Realist, und Ana Laibach, fast Optimistin, beim Warten auf T\u00e4termeldungen fanden war, die Sehnsucht, das Menschen auch anders sein k\u00f6nnten.<\/p>\n<p>Ingo Lehnhof, 1960 in Hannover geboren, studierte freie Kunst an der HBK in Braunschweig, wo er heute auch lebt und arbeitet.(<a href=\"http:\/\/www.ingomat.de\/\">www.ingomat.de<\/a>)<\/p>\n<p>&nbsp;<\/p>\n<p>Ana Laibach, 1966 in Braunschweig geboren, studierte freie Kunst an der staatlichen Akademie der bildenden K\u00fcnste in Karlsruhe. Sie lebt und arbeitet in Mannheim.(<a href=\"http:\/\/www.ana-laibach.de\/\">www.ana-laibach.de<\/a>)<\/p>\n","protected":false},"excerpt":{"rendered":"<p>Ana Laibach &amp; Ingo Lehnhof Mixed Media Opening: Freitag 20.Juni 19 Uhr Mit einem hoffnungsvollen Aufruf wenden sich die K\u00fcnstler Ingo Lehnhof und Ana Laibach mit der Ausstellung Der oder die T\u00e4ter sollen sich melden an die \u00d6ffentlichkeit. F\u00fcr gew\u00f6hnlich &hellip; <a href=\"https:\/\/neu.kunsthaus-viernheim.de\/?p=716\">Weiterlesen <span class=\"meta-nav\">&rarr;<\/span><\/a><\/p>\n","protected":false},"author":2,"featured_media":0,"comment_status":"closed","ping_status":"closed","sticky":false,"template":"","format":"standard","meta":{"footnotes":""},"categories":[19],"tags":[],"class_list":["post-716","post","type-post","status-publish","format-standard","hentry","category-ausstellungen"],"_links":{"self":[{"href":"https:\/\/neu.kunsthaus-viernheim.de\/index.php?rest_route=\/wp\/v2\/posts\/716","targetHints":{"allow":["GET"]}}],"collection":[{"href":"https:\/\/neu.kunsthaus-viernheim.de\/index.php?rest_route=\/wp\/v2\/posts"}],"about":[{"href":"https:\/\/neu.kunsthaus-viernheim.de\/index.php?rest_route=\/wp\/v2\/types\/post"}],"author":[{"embeddable":true,"href":"https:\/\/neu.kunsthaus-viernheim.de\/index.php?rest_route=\/wp\/v2\/users\/2"}],"replies":[{"embeddable":true,"href":"https:\/\/neu.kunsthaus-viernheim.de\/index.php?rest_route=%2Fwp%2Fv2%2Fcomments&post=716"}],"version-history":[{"count":4,"href":"https:\/\/neu.kunsthaus-viernheim.de\/index.php?rest_route=\/wp\/v2\/posts\/716\/revisions"}],"predecessor-version":[{"id":721,"href":"https:\/\/neu.kunsthaus-viernheim.de\/index.php?rest_route=\/wp\/v2\/posts\/716\/revisions\/721"}],"wp:attachment":[{"href":"https:\/\/neu.kunsthaus-viernheim.de\/index.php?rest_route=%2Fwp%2Fv2%2Fmedia&parent=716"}],"wp:term":[{"taxonomy":"category","embeddable":true,"href":"https:\/\/neu.kunsthaus-viernheim.de\/index.php?rest_route=%2Fwp%2Fv2%2Fcategories&post=716"},{"taxonomy":"post_tag","embeddable":true,"href":"https:\/\/neu.kunsthaus-viernheim.de\/index.php?rest_route=%2Fwp%2Fv2%2Ftags&post=716"}],"curies":[{"name":"wp","href":"https:\/\/api.w.org\/{rel}","templated":true}]}}