{"id":535,"date":"2007-05-18T16:22:38","date_gmt":"2007-05-18T16:22:38","guid":{"rendered":"http:\/\/kunststueckchen.de\/wp\/?page_id=535"},"modified":"2024-08-05T10:47:44","modified_gmt":"2024-08-05T10:47:44","slug":"dresdens-junge-dinger","status":"publish","type":"post","link":"https:\/\/neu.kunsthaus-viernheim.de\/?p=535","title":{"rendered":"Dresdens junge Dinger"},"content":{"rendered":"<h1>Dresdens junge Dinger<\/h1>\n<p><strong>\u00a0Ausstellungser\u00f6ffnung: Freitag, den 18. Mai 2007, 19.00 Uhr <\/strong><\/p>\n<p><strong><a title=\"Dresdens Junge Dinger Er\u00f6ffnung\" href=\"https:\/\/neu.kunsthaus-viernheim.de\/?page_id=682\">Fotos von der Er\u00f6ffnung<\/a><br \/>\n<img decoding=\"async\" alt=\"\" src=\"https:\/\/neu.kunsthaus-viernheim.de\/files\/junge_dinger_g.jpg\" ismap=\"ismap\" \/> <strong><br \/>\n<\/strong><\/strong><br \/>\nIn Dresden existiert eine sehr lebendige freie Kunstszene. Gerade viele junge K\u00fcnstlerinnen und K\u00fcnstler entwickelten dort eine Reihe von alternativen Kunstprojekten. Vom \u201e7. Stock\u201c, \u00fcber \u201ePf\u00f6rtnerhaus\u201c, \u201cModul-Dresden\u201d, \u201cfreiraum05\u201d bis \u201eDoppel.de\u201c. Nicht von ungef\u00e4hr machen Dresdner K\u00fcnstler\/innen auch au\u00dfer-halb in angesagten Galerien wie z.B. \u201cDiskus\u201d in Berlin oder \u201cMandy\u201d in Leibzig von sich reden. Die Hoch-schule f\u00fcr Bildende K\u00fcnste in Dresden ist dabei oft Initiator und Unterst\u00fctzer, sind doch viele der Aktivisten Absolvent\/innen oder noch Studierende der Akademie.<\/p>\n<p><strong>Eberhard Bosslet<\/strong>, Professor f\u00fcr Skulptur und Raumkonzepte an der HfBK und selbst renommierter K\u00fcnstler (u.a. Documenta 8) kuratiert jetzt f\u00fcr den Kunstverein Viernheim eine Ausstellung dieser jungen Dresdner K\u00fcnstlerinnen und K\u00fcnstler. Als profunder Kenner der Szene vor Ort pr\u00e4sentiert er neue Positionen von 21 Kunstschaffenden, die bei ihm studiert haben oder noch studieren.<\/p>\n<p>Die Gruppenausstellung zeigt Malerei, Fotografie, Video, Installationen von:<\/p>\n<p><strong>Amalia Barboza + Jahna Dahms + Susan Donath + Bernd Imminger + Lisa Junghans + Therry Kornath + Tom Lange + Sarah Leimcke + Oliver Matz + Johannes Makolies + Tamayao Misawa + Torstn Naumann + Constanze Nowak + Philipp Pink + Spectery (Makiko Yasufuku &amp; Gregor K\u00f6rting) + Tokyomode (Michiko Nakatani &amp; Makiko Yasufuku) + Cosima Tribukeit + Demjan Tschistjakow + Nicoll Ulrich <\/strong><\/p>\n","protected":false},"excerpt":{"rendered":"<p>Dresdens junge Dinger \u00a0Ausstellungser\u00f6ffnung: Freitag, den 18. Mai 2007, 19.00 Uhr Fotos von der Er\u00f6ffnung In Dresden existiert eine sehr lebendige freie Kunstszene. Gerade viele junge K\u00fcnstlerinnen und K\u00fcnstler entwickelten dort eine Reihe von alternativen Kunstprojekten. Vom \u201e7. Stock\u201c, \u00fcber &hellip; <a href=\"https:\/\/neu.kunsthaus-viernheim.de\/?p=535\">Weiterlesen <span class=\"meta-nav\">&rarr;<\/span><\/a><\/p>\n","protected":false},"author":2,"featured_media":0,"comment_status":"closed","ping_status":"closed","sticky":false,"template":"","format":"standard","meta":{"footnotes":""},"categories":[19],"tags":[],"class_list":["post-535","post","type-post","status-publish","format-standard","hentry","category-ausstellungen"],"_links":{"self":[{"href":"https:\/\/neu.kunsthaus-viernheim.de\/index.php?rest_route=\/wp\/v2\/posts\/535","targetHints":{"allow":["GET"]}}],"collection":[{"href":"https:\/\/neu.kunsthaus-viernheim.de\/index.php?rest_route=\/wp\/v2\/posts"}],"about":[{"href":"https:\/\/neu.kunsthaus-viernheim.de\/index.php?rest_route=\/wp\/v2\/types\/post"}],"author":[{"embeddable":true,"href":"https:\/\/neu.kunsthaus-viernheim.de\/index.php?rest_route=\/wp\/v2\/users\/2"}],"replies":[{"embeddable":true,"href":"https:\/\/neu.kunsthaus-viernheim.de\/index.php?rest_route=%2Fwp%2Fv2%2Fcomments&post=535"}],"version-history":[{"count":2,"href":"https:\/\/neu.kunsthaus-viernheim.de\/index.php?rest_route=\/wp\/v2\/posts\/535\/revisions"}],"predecessor-version":[{"id":684,"href":"https:\/\/neu.kunsthaus-viernheim.de\/index.php?rest_route=\/wp\/v2\/posts\/535\/revisions\/684"}],"wp:attachment":[{"href":"https:\/\/neu.kunsthaus-viernheim.de\/index.php?rest_route=%2Fwp%2Fv2%2Fmedia&parent=535"}],"wp:term":[{"taxonomy":"category","embeddable":true,"href":"https:\/\/neu.kunsthaus-viernheim.de\/index.php?rest_route=%2Fwp%2Fv2%2Fcategories&post=535"},{"taxonomy":"post_tag","embeddable":true,"href":"https:\/\/neu.kunsthaus-viernheim.de\/index.php?rest_route=%2Fwp%2Fv2%2Ftags&post=535"}],"curies":[{"name":"wp","href":"https:\/\/api.w.org\/{rel}","templated":true}]}}