{"id":517,"date":"2008-10-20T16:15:24","date_gmt":"2008-10-20T16:15:24","guid":{"rendered":"http:\/\/kunststueckchen.de\/wp\/?page_id=517"},"modified":"2024-08-06T08:02:14","modified_gmt":"2024-08-06T08:02:14","slug":"mathematikum","status":"publish","type":"post","link":"https:\/\/neu.kunsthaus-viernheim.de\/?p=517","title":{"rendered":"Mathematikum"},"content":{"rendered":"<div id=\"main\">\n<div id=\"main-block\">\n<div id=\"main-block2\">\n<p>Eine Ausstellung zum<br \/>\n&#8222;Jahr der Mathematik&#8220;<\/p>\n<p><img decoding=\"async\" alt=\"\" src=\"https:\/\/neu.kunsthaus-viernheim.de\/files\/mathematikum.jpg\" ismap=\"ismap\" \/><\/p>\n<p><strong>Hinweis: Der Vortrag von Prof. Beutelspacher am 30. November wurde leider kurzfristig abgesagt.<\/strong><\/p>\n<h2>Ausstellungsdauer 20.10. bis 12.11.2008<\/h2>\n<p>\u201eMathematik zum Anfassen\u201c \u2013 unter diesem Titel werden seit 1994 Ausstellungen veranstaltet, in denen Besucher mathematische Ph\u00e4nomene direkt erleben k\u00f6nnen und so einen neuen Zugang zur Mathematik erhalten.\u00a0 Mathematik zum Anfassen w\u00e4hlt nicht den Weg \u00fcber die mathematische Sprache \u2013 die ja f\u00fcr die meisten Menschen ein Horror ist \u2013 auch nicht den Weg \u00fcber Computersimulationen, sondern stellt den Besuchern interaktive Exponate zur Verf\u00fcgung.<\/p>\n<p>Die Besucher f\u00fchren einzeln oder in Gruppen Experimente durch und erforschen eigenst\u00e4ndig mathematische Ph\u00e4nomene. Es geht um ein Be-Greifen mit Hand, Kopf und Herz. Besucher jeden Alters und jeder Vorbildung experimentieren: Sie legen Puzzles, bauen Br\u00fccken, zerbrechen sich den Kopf bei Knobelspielen, entdecken an sich selbst den Goldenen Schnitt, schauen einem Kugelwettrennen zu, stehen in einer Riesenseifenhaut und vieles mehr.<\/p>\n<p>Die Ausstellung ist mit bescheidensten Mitteln entstanden aus der Arbeit mit Studierenden, hat sich aber st\u00fcrmisch zu einer gefragten Wanderausstellung entwickelt. In bislang \u00fcber 200 Ausstellungen haben sich mehr als 1 Million Besucher von diesem Zugang zur Mathematik begeistern lassen. \u201eMathematik zum Anfassen\u201c ist die Wanderausstellung des Mathematikums in Gie\u00dfen (www.mathematikum.de)..<\/p>\n<\/div>\n<\/div>\n<\/div>\n","protected":false},"excerpt":{"rendered":"<p>Eine Ausstellung zum &#8222;Jahr der Mathematik&#8220; Hinweis: Der Vortrag von Prof. Beutelspacher am 30. November wurde leider kurzfristig abgesagt. Ausstellungsdauer 20.10. bis 12.11.2008 \u201eMathematik zum Anfassen\u201c \u2013 unter diesem Titel werden seit 1994 Ausstellungen veranstaltet, in denen Besucher mathematische Ph\u00e4nomene &hellip; <a href=\"https:\/\/neu.kunsthaus-viernheim.de\/?p=517\">Weiterlesen <span class=\"meta-nav\">&rarr;<\/span><\/a><\/p>\n","protected":false},"author":2,"featured_media":0,"comment_status":"closed","ping_status":"closed","sticky":false,"template":"","format":"standard","meta":{"footnotes":""},"categories":[19],"tags":[],"class_list":["post-517","post","type-post","status-publish","format-standard","hentry","category-ausstellungen"],"_links":{"self":[{"href":"https:\/\/neu.kunsthaus-viernheim.de\/index.php?rest_route=\/wp\/v2\/posts\/517","targetHints":{"allow":["GET"]}}],"collection":[{"href":"https:\/\/neu.kunsthaus-viernheim.de\/index.php?rest_route=\/wp\/v2\/posts"}],"about":[{"href":"https:\/\/neu.kunsthaus-viernheim.de\/index.php?rest_route=\/wp\/v2\/types\/post"}],"author":[{"embeddable":true,"href":"https:\/\/neu.kunsthaus-viernheim.de\/index.php?rest_route=\/wp\/v2\/users\/2"}],"replies":[{"embeddable":true,"href":"https:\/\/neu.kunsthaus-viernheim.de\/index.php?rest_route=%2Fwp%2Fv2%2Fcomments&post=517"}],"version-history":[{"count":1,"href":"https:\/\/neu.kunsthaus-viernheim.de\/index.php?rest_route=\/wp\/v2\/posts\/517\/revisions"}],"predecessor-version":[{"id":518,"href":"https:\/\/neu.kunsthaus-viernheim.de\/index.php?rest_route=\/wp\/v2\/posts\/517\/revisions\/518"}],"wp:attachment":[{"href":"https:\/\/neu.kunsthaus-viernheim.de\/index.php?rest_route=%2Fwp%2Fv2%2Fmedia&parent=517"}],"wp:term":[{"taxonomy":"category","embeddable":true,"href":"https:\/\/neu.kunsthaus-viernheim.de\/index.php?rest_route=%2Fwp%2Fv2%2Fcategories&post=517"},{"taxonomy":"post_tag","embeddable":true,"href":"https:\/\/neu.kunsthaus-viernheim.de\/index.php?rest_route=%2Fwp%2Fv2%2Ftags&post=517"}],"curies":[{"name":"wp","href":"https:\/\/api.w.org\/{rel}","templated":true}]}}