{"id":511,"date":"2009-03-14T16:13:05","date_gmt":"2009-03-14T16:13:05","guid":{"rendered":"http:\/\/kunststueckchen.de\/wp\/?page_id=511"},"modified":"2024-08-06T08:22:59","modified_gmt":"2024-08-06T08:22:59","slug":"gerd-schwetasch","status":"publish","type":"post","link":"https:\/\/neu.kunsthaus-viernheim.de\/?p=511","title":{"rendered":"Gerd Schwetasch"},"content":{"rendered":"<p>Gerd Schwetasch<\/p>\n<p><img decoding=\"async\" alt=\"\" src=\"https:\/\/neu.kunsthaus-viernheim.de\/files\/schwetasch_web.jpg\" ismap=\"ismap\" \/><\/p>\n<p><a title=\"Schwetasch Er\u00f6ffnung\" href=\"https:\/\/neu.kunsthaus-viernheim.de\/?page_id=659\">Fotos von der Er\u00f6ffnung<\/a><\/p>\n<p>Gerd Schwetasch arbeitet seit \u00fcber 45 Jahren f\u00fcr den Mannheimer Morgen, Viernheim kennt er wie seine Westentasche. Sei es die Einweihung der neuen Schule, das Vereinsfest, das Portr\u00e4t der Faschingsprinzessin, eines Eisverk\u00e4ufers oder Ministerpr\u00e4sidenten &#8211; Gerd Schwetasch ist immer ganz nahe bei den Menschen und seinen Motiven. Herausragend an seinen in h\u00f6chstem Ma\u00dfe pr\u00e4zisen Fotografien ist die liebevolle Aufmerksamkeit gegen\u00fcber seiner Protagonisten, den gro\u00dfen wie den kleinen. \u201eMan muss mit Offenheit und Sympathie auf die Menschen zugehen.\u201c Das ist eine seiner gro\u00dfen Begabungen, sein gutes Einf\u00fchlungsverm\u00f6gen f\u00fcr Situationen und Augenblicke.<br \/>\nDas Kunsthaus Viernheim pr\u00e4sentiert im M\u00e4rz Arbeiten von Gerd Schwetasch, die in den Jahren 1965 bis 1975 entstanden sind.<\/p>\n<p><strong>Die Er\u00f6ffnung ist Samstag, 14. M\u00e4rz, 19 Uhr.<\/strong><\/p>\n","protected":false},"excerpt":{"rendered":"<p>Gerd Schwetasch Fotos von der Er\u00f6ffnung Gerd Schwetasch arbeitet seit \u00fcber 45 Jahren f\u00fcr den Mannheimer Morgen, Viernheim kennt er wie seine Westentasche. Sei es die Einweihung der neuen Schule, das Vereinsfest, das Portr\u00e4t der Faschingsprinzessin, eines Eisverk\u00e4ufers oder Ministerpr\u00e4sidenten &hellip; <a href=\"https:\/\/neu.kunsthaus-viernheim.de\/?p=511\">Weiterlesen <span class=\"meta-nav\">&rarr;<\/span><\/a><\/p>\n","protected":false},"author":2,"featured_media":0,"comment_status":"closed","ping_status":"closed","sticky":false,"template":"","format":"standard","meta":{"footnotes":""},"categories":[19],"tags":[],"class_list":["post-511","post","type-post","status-publish","format-standard","hentry","category-ausstellungen"],"_links":{"self":[{"href":"https:\/\/neu.kunsthaus-viernheim.de\/index.php?rest_route=\/wp\/v2\/posts\/511","targetHints":{"allow":["GET"]}}],"collection":[{"href":"https:\/\/neu.kunsthaus-viernheim.de\/index.php?rest_route=\/wp\/v2\/posts"}],"about":[{"href":"https:\/\/neu.kunsthaus-viernheim.de\/index.php?rest_route=\/wp\/v2\/types\/post"}],"author":[{"embeddable":true,"href":"https:\/\/neu.kunsthaus-viernheim.de\/index.php?rest_route=\/wp\/v2\/users\/2"}],"replies":[{"embeddable":true,"href":"https:\/\/neu.kunsthaus-viernheim.de\/index.php?rest_route=%2Fwp%2Fv2%2Fcomments&post=511"}],"version-history":[{"count":2,"href":"https:\/\/neu.kunsthaus-viernheim.de\/index.php?rest_route=\/wp\/v2\/posts\/511\/revisions"}],"predecessor-version":[{"id":661,"href":"https:\/\/neu.kunsthaus-viernheim.de\/index.php?rest_route=\/wp\/v2\/posts\/511\/revisions\/661"}],"wp:attachment":[{"href":"https:\/\/neu.kunsthaus-viernheim.de\/index.php?rest_route=%2Fwp%2Fv2%2Fmedia&parent=511"}],"wp:term":[{"taxonomy":"category","embeddable":true,"href":"https:\/\/neu.kunsthaus-viernheim.de\/index.php?rest_route=%2Fwp%2Fv2%2Fcategories&post=511"},{"taxonomy":"post_tag","embeddable":true,"href":"https:\/\/neu.kunsthaus-viernheim.de\/index.php?rest_route=%2Fwp%2Fv2%2Ftags&post=511"}],"curies":[{"name":"wp","href":"https:\/\/api.w.org\/{rel}","templated":true}]}}