{"id":509,"date":"2009-05-01T16:11:58","date_gmt":"2009-05-01T16:11:58","guid":{"rendered":"http:\/\/kunststueckchen.de\/wp\/?page_id=509"},"modified":"2024-08-05T10:59:30","modified_gmt":"2024-08-05T10:59:30","slug":"pomp","status":"publish","type":"post","link":"https:\/\/neu.kunsthaus-viernheim.de\/?p=509","title":{"rendered":"Pomp"},"content":{"rendered":"<p>POMP<br \/>\n<span style=\"font-size: medium;\"><strong>Die Er\u00f6ffnung ist Freitag, 1. Mai, 18 Uhr.<br \/>\n<\/strong><\/span><\/p>\n<p><img decoding=\"async\" alt=\"\" src=\"https:\/\/neu.kunsthaus-viernheim.de\/files\/pomp.jpg\" ismap=\"ismap\" \/><\/p>\n<p><a title=\"Pomp Er\u00f6ffnung\" href=\"https:\/\/neu.kunsthaus-viernheim.de\/?page_id=656\">Fotos von der Er\u00f6ffnung <\/a><\/p>\n<p>Nach Ausstellungen der HfG Karlsruhe (Titel: \u201e fuenf\u201c 2003) und der HfBK Dresden (Titel: \u201eDresdens junge Dinger\u201c 2005) zeigen wir diesmal k\u00fcnstlerischen Nachwuchs aus der Hochschule f\u00fcr Gestaltung in Offenbach.<\/p>\n<p>N\u00e4chstes Jahr vierzig Jahre alt, z\u00e4hlt die Hochschule in Offenbach zu den innovativsten des Landes, lebt sie doch eine spannende Synthese zwischen Bildender Kunst, Visueller Kommunikation und Neuen Medien. Die Studierenden arbeiten so in einem interdisziplin\u00e4ren Kontext, .\u201c.. am liebsten jedoch jenseits aller Kategorien\u201c, wie es Prof. Heiner Blum, einer der drei Kuratoren formuliert. Gerade deshalb lohnt es sich ein Blick in die Ideenschmiede am Mainufer zu werfen.<\/p>\n<p>18 junge K\u00fcnstler\/innen wurden aus den Klassen von Heiner Blum und Wolfgang Luy ausgesucht und man darf zurecht gespannt sein, in wie weit sich die grenz\u00fcberschreitenden, interdisziplin\u00e4ren Ans\u00e4tze der Hochschule in den neuen, frischen k\u00fcnstlerischen Positionen widerspiegeln.<br \/>\nIm besten Sinne provozieren sie, neben ihren individuellen Anliegen,\u00a0 damit auch Fragestellungen\u00a0 nach neuen Grenzziehungen und nach k\u00fcnstlerischer Kompetenz in vormals au\u00dferk\u00fcnstlerischen Bereichen. Genau darin liegt auch einer Interessensschwerpunkte der beiden Ausstellungsinstitutionen.<\/p>\n","protected":false},"excerpt":{"rendered":"<p>POMP Die Er\u00f6ffnung ist Freitag, 1. Mai, 18 Uhr. Fotos von der Er\u00f6ffnung Nach Ausstellungen der HfG Karlsruhe (Titel: \u201e fuenf\u201c 2003) und der HfBK Dresden (Titel: \u201eDresdens junge Dinger\u201c 2005) zeigen wir diesmal k\u00fcnstlerischen Nachwuchs aus der Hochschule f\u00fcr &hellip; <a href=\"https:\/\/neu.kunsthaus-viernheim.de\/?p=509\">Weiterlesen <span class=\"meta-nav\">&rarr;<\/span><\/a><\/p>\n","protected":false},"author":2,"featured_media":0,"comment_status":"closed","ping_status":"closed","sticky":false,"template":"","format":"standard","meta":{"footnotes":""},"categories":[19],"tags":[],"class_list":["post-509","post","type-post","status-publish","format-standard","hentry","category-ausstellungen"],"_links":{"self":[{"href":"https:\/\/neu.kunsthaus-viernheim.de\/index.php?rest_route=\/wp\/v2\/posts\/509","targetHints":{"allow":["GET"]}}],"collection":[{"href":"https:\/\/neu.kunsthaus-viernheim.de\/index.php?rest_route=\/wp\/v2\/posts"}],"about":[{"href":"https:\/\/neu.kunsthaus-viernheim.de\/index.php?rest_route=\/wp\/v2\/types\/post"}],"author":[{"embeddable":true,"href":"https:\/\/neu.kunsthaus-viernheim.de\/index.php?rest_route=\/wp\/v2\/users\/2"}],"replies":[{"embeddable":true,"href":"https:\/\/neu.kunsthaus-viernheim.de\/index.php?rest_route=%2Fwp%2Fv2%2Fcomments&post=509"}],"version-history":[{"count":2,"href":"https:\/\/neu.kunsthaus-viernheim.de\/index.php?rest_route=\/wp\/v2\/posts\/509\/revisions"}],"predecessor-version":[{"id":658,"href":"https:\/\/neu.kunsthaus-viernheim.de\/index.php?rest_route=\/wp\/v2\/posts\/509\/revisions\/658"}],"wp:attachment":[{"href":"https:\/\/neu.kunsthaus-viernheim.de\/index.php?rest_route=%2Fwp%2Fv2%2Fmedia&parent=509"}],"wp:term":[{"taxonomy":"category","embeddable":true,"href":"https:\/\/neu.kunsthaus-viernheim.de\/index.php?rest_route=%2Fwp%2Fv2%2Fcategories&post=509"},{"taxonomy":"post_tag","embeddable":true,"href":"https:\/\/neu.kunsthaus-viernheim.de\/index.php?rest_route=%2Fwp%2Fv2%2Ftags&post=509"}],"curies":[{"name":"wp","href":"https:\/\/api.w.org\/{rel}","templated":true}]}}