{"id":471,"date":"2011-11-04T15:32:56","date_gmt":"2011-11-04T15:32:56","guid":{"rendered":"http:\/\/kunststueckchen.de\/wp\/?page_id=471"},"modified":"2024-08-05T11:17:34","modified_gmt":"2024-08-05T11:17:34","slug":"guenter-zint","status":"publish","type":"post","link":"https:\/\/neu.kunsthaus-viernheim.de\/?p=471","title":{"rendered":"G\u00fcnter Zint"},"content":{"rendered":"<p><span style=\"font-family: arial,helvetica,sans-serif;\"><strong>Wilde Zeiten<\/strong><\/span><\/p>\n<h2>Fotografien von G\u00fcnter Zint<\/h2>\n<p><span style=\"font-family: arial,helvetica,sans-serif;\"><strong><img loading=\"lazy\" decoding=\"async\" class=\"alignnone size-full\" src=\"https:\/\/neu.kunsthaus-viernheim.de\/files\/zint.jpg\" width=\"700\" height=\"137\" \/><\/strong><\/span><\/p>\n<p><strong>Er\u00f6ffnung: 4. November um 19 Uhr<\/strong><\/p>\n<p>Die Beatles und Jimi Hendrix im legend\u00e4ren Hamburger Star-Club, Studentenproteste in Paris und Berlin, Osterm\u00e4rsche und Anti-Atomkraft-Demonstrationen, Mauerfall und deutsche Einheit &#8211; der Fotograf G\u00fcnter Zint dokumentiert deutsche Zeitgeschichte &#8211; engagiert, kritisch, nie unbeteiligt.<\/p>\n<p>1941 in Fulda geboren, beginnt Zint 1959 seine berufliche Laufbahn als Bildjournalist und Redakteur bei der Deutschen Presseagentur in Frankfurt, Berlin und M\u00fcnchen. Er macht Fotoreportagen f\u00fcr \u201eQuick&#8220;, \u201eTwen&#8220; und \u201eDer Spiegel&#8220;, arbeitet als freier Fotograf zeitweise auch in Schweden und England.<\/p>\n<p>In den 60er Jahren ist der inzwischen in Hamburg lebende Fotograf Stammgast im damals \u201eber\u00fchmtesten Beat-Club der Welt&#8220;, dem Star-Club in St. Pauli. Er portr\u00e4tiert die Gro\u00dfen der Musikszene und liefert einf\u00fchlsame Milieustudien des Alltags im Kiez und seiner Bewohner.<\/p>\n<p>Als Zint 1962 in M\u00fcnchen miterlebt wie Protestierer von Polizisten mit Schlagst\u00f6cken maltr\u00e4tiert werden, tritt er der Au\u00dferparlamentarischen Opposition (APO) bei. Von nun an fotografiert er zunehmend politische Themen. Seinem Credo \u201eRan ans Motiv&#8220; folgend, richtet sich sein Blick meist aus der Perspektive der Agierenden auf das Geschehen. Aus unmittelbarer N\u00e4he \u201eprotokolliert&#8220; er die Ereignisse nach dem Attentat auf Rudi Dutschke, zeigt verletzte Demonstranten, Wasserwerfer und armierte Polizei. Mit seinen Fotos der Studentenunruhen oder des Kommunenlebens wird Zint zum Chronisten der 68er Bewegung.<\/p>\n<p>In den 70er und fr\u00fchen 80er Jahren ist Zint Augenzeuge vieler Aktionen der Jugend- und Protestbewegungen. Unter den Fotos Steine werfender Atomkraftgegner, aufmarschierender Polizisten, martialisch erscheinender Panzerwagen und Wasserwerfer am \u201eZaun&#8220; in Brokdorf oder Wackersdorf finden sich stets auch solche, die Zwischent\u00f6ne herausarbeiten und Hintergr\u00fcndiges einstreuen, die vers\u00f6hnlich stimmen und die Konfrontation fast vergessen lassen.<\/p>\n<p>Er\u00f6ffnung: Freitag 4. Nov.. 19 Uhr<br \/>\nBegr\u00fc\u00dfung: Matthias Baa\u00df (B\u00fcrgermeister Stadt Viernheim)<br \/>\nanschlie\u00dfend erz\u00e4hlt G\u00fcnter Zint selbst \u00fcber seine Arbeit<br \/>\nDauer: 04.11. \u2013 03.12..2011<\/p>\n<p>Eine Ausstellung der Stiftung Haus der Geschichte<br \/>\nder Bundesrepublik Deutschland in<br \/>\nZusammenarbeit mit der Stadt Viernheim.<br \/>\nKunsthaus Viernheim in Kooperation<br \/>\nmit dem Kunstverein Viernheim.<\/p>\n","protected":false},"excerpt":{"rendered":"<p>Wilde Zeiten Fotografien von G\u00fcnter Zint Er\u00f6ffnung: 4. November um 19 Uhr Die Beatles und Jimi Hendrix im legend\u00e4ren Hamburger Star-Club, Studentenproteste in Paris und Berlin, Osterm\u00e4rsche und Anti-Atomkraft-Demonstrationen, Mauerfall und deutsche Einheit &#8211; der Fotograf G\u00fcnter Zint dokumentiert deutsche &hellip; <a href=\"https:\/\/neu.kunsthaus-viernheim.de\/?p=471\">Weiterlesen <span class=\"meta-nav\">&rarr;<\/span><\/a><\/p>\n","protected":false},"author":2,"featured_media":0,"comment_status":"closed","ping_status":"closed","sticky":false,"template":"","format":"standard","meta":{"footnotes":""},"categories":[19],"tags":[],"class_list":["post-471","post","type-post","status-publish","format-standard","hentry","category-ausstellungen"],"_links":{"self":[{"href":"https:\/\/neu.kunsthaus-viernheim.de\/index.php?rest_route=\/wp\/v2\/posts\/471","targetHints":{"allow":["GET"]}}],"collection":[{"href":"https:\/\/neu.kunsthaus-viernheim.de\/index.php?rest_route=\/wp\/v2\/posts"}],"about":[{"href":"https:\/\/neu.kunsthaus-viernheim.de\/index.php?rest_route=\/wp\/v2\/types\/post"}],"author":[{"embeddable":true,"href":"https:\/\/neu.kunsthaus-viernheim.de\/index.php?rest_route=\/wp\/v2\/users\/2"}],"replies":[{"embeddable":true,"href":"https:\/\/neu.kunsthaus-viernheim.de\/index.php?rest_route=%2Fwp%2Fv2%2Fcomments&post=471"}],"version-history":[{"count":2,"href":"https:\/\/neu.kunsthaus-viernheim.de\/index.php?rest_route=\/wp\/v2\/posts\/471\/revisions"}],"predecessor-version":[{"id":1074,"href":"https:\/\/neu.kunsthaus-viernheim.de\/index.php?rest_route=\/wp\/v2\/posts\/471\/revisions\/1074"}],"wp:attachment":[{"href":"https:\/\/neu.kunsthaus-viernheim.de\/index.php?rest_route=%2Fwp%2Fv2%2Fmedia&parent=471"}],"wp:term":[{"taxonomy":"category","embeddable":true,"href":"https:\/\/neu.kunsthaus-viernheim.de\/index.php?rest_route=%2Fwp%2Fv2%2Fcategories&post=471"},{"taxonomy":"post_tag","embeddable":true,"href":"https:\/\/neu.kunsthaus-viernheim.de\/index.php?rest_route=%2Fwp%2Fv2%2Ftags&post=471"}],"curies":[{"name":"wp","href":"https:\/\/api.w.org\/{rel}","templated":true}]}}