{"id":442,"date":"2013-09-01T15:11:09","date_gmt":"2013-09-01T15:11:09","guid":{"rendered":"http:\/\/kunststueckchen.de\/wp\/?page_id=442"},"modified":"2024-08-05T11:23:15","modified_gmt":"2024-08-05T11:23:15","slug":"neuland","status":"publish","type":"post","link":"https:\/\/neu.kunsthaus-viernheim.de\/?p=442","title":{"rendered":"NEULAND"},"content":{"rendered":"<h1><strong>NEULAND (Gruppenausstellung)<br \/>\n<\/strong><br \/>\n<strong>in Kooperation mit Kontur. Kunstverein Stuttgart<\/strong><\/h1>\n<p><img decoding=\"async\" alt=\"\" src=\"https:\/\/neu.kunsthaus-viernheim.de\/files\/neuland.jpg\" ismap=\"ismap\" \/><\/p>\n<p><span style=\"color: black; font-family: Arial; font-size: x-large;\"><span style=\"font-size: medium;\"> Er\u00f6ffnung am Freitag,<span style=\"font-size: medium;\"> 12<\/span>. Juli 19 Uhr<\/span><\/span><\/p>\n<p>&nbsp;<\/p>\n<p>Neuland zu entdecken und zu betreten ist ein unverg\u00e4nglicher Menschheitstraum. Visionen und Phantasien, die Sehnsucht nach Freiheit und die Suche nach Gestaltungsspielr\u00e4umen, Tr\u00e4ume und Utopien von einem anderen Leben sind die Kr\u00e4fte, die den Menschen zum Aufbruch treiben, die ihn dazu bringen, Heim und Herd, seine vertraute Heimat zu verlassen und sich der unbekannten Gefahr auszusetzen. Selbst unvorstellbare Risiken bremsen kaum unsere Abenteuerlust. Unser Wagemut \u00fcberwindet die Ungewissheit und die Angst. Keine Bedrohung, kein Scheitern ist gro\u00df genug, dem Menschen seinen Pioniergeist zu nehmen, ihn von Expeditionen und Entdeckungsreisen abzuhalten, zu stark locken die fernen Gestade.<\/p>\n<p>Einmal auf dem Weg, w\u00e4chst die Zuversicht mit jeder ausgestandenen Herausforderung und welche Erl\u00f6sung, wenn nach langer Fahrt Land in Sicht kommt. In die angespannte Euphorie mischt sich untrennbar die Faszination der Fremdheit, die uns in diesem Wunderland entgegen schl\u00e4gt und die einhergeht mit dem Staunen, der \u00dcberraschung, der Erinnerung an das, was uns vertraut ist. Und langsam, aber unaufhaltsam und unweigerlich geht dabei eine Ver\u00e4nderung mit uns vor. Wir wachsen und mit jedem Fehler, den wir machen, mit jeder neuen Erkenntnis gewinnen wir neues Wissen und neues Selbstvertrauen. Wir lernen die Welt neu zu sehen, mit anderen Augen, aus anderen Blickwinkeln und wundern uns nicht selten, \u00fcber die Verwandlung, die dabei mit uns selbst von statten geht.<\/p>\n<p><strong>Teilnehmer\/innen:<\/strong><\/p>\n<p>Ursula Bohren &amp; Claudio Magoni<br \/>\nZadok Ben David<br \/>\nWerner Degreif<br \/>\nKlaudia Dietewich<br \/>\nJoachim Fleischer<br \/>\nBarbara Hindahl<br \/>\nBarbara Karsch-Chaieb<br \/>\nFrancisco Klinger Carvalho<br \/>\nGudrun Knapp<br \/>\nThomas Mulcaire<\/p>\n<p>Andreas Opiolka<br \/>\nPlatino<br \/>\nMargarete Rebmann<br \/>\nBrigitte Schwacke<br \/>\nSigne Theill<br \/>\nMargot Witte<br \/>\nAndrea Zaumseil<br \/>\nHelmut Anton Zirkelbach<\/p>\n<p>Die Ausstellung findet im Kunsthaus und im Gew\u00f6lbekeller des Kunstvereins statt.<\/p>\n<p>\u00d6ffnungszeiten Do. und Fr. 15:00 \u2013 18:00 Uhr \/ Sa. 10:00 \u2013 13:00 Uhr<\/p>\n","protected":false},"excerpt":{"rendered":"<p>NEULAND (Gruppenausstellung) in Kooperation mit Kontur. Kunstverein Stuttgart Er\u00f6ffnung am Freitag, 12. Juli 19 Uhr &nbsp; Neuland zu entdecken und zu betreten ist ein unverg\u00e4nglicher Menschheitstraum. Visionen und Phantasien, die Sehnsucht nach Freiheit und die Suche nach Gestaltungsspielr\u00e4umen, Tr\u00e4ume und &hellip; <a href=\"https:\/\/neu.kunsthaus-viernheim.de\/?p=442\">Weiterlesen <span class=\"meta-nav\">&rarr;<\/span><\/a><\/p>\n","protected":false},"author":2,"featured_media":0,"comment_status":"closed","ping_status":"closed","sticky":false,"template":"","format":"standard","meta":{"footnotes":""},"categories":[19],"tags":[],"class_list":["post-442","post","type-post","status-publish","format-standard","hentry","category-ausstellungen"],"_links":{"self":[{"href":"https:\/\/neu.kunsthaus-viernheim.de\/index.php?rest_route=\/wp\/v2\/posts\/442","targetHints":{"allow":["GET"]}}],"collection":[{"href":"https:\/\/neu.kunsthaus-viernheim.de\/index.php?rest_route=\/wp\/v2\/posts"}],"about":[{"href":"https:\/\/neu.kunsthaus-viernheim.de\/index.php?rest_route=\/wp\/v2\/types\/post"}],"author":[{"embeddable":true,"href":"https:\/\/neu.kunsthaus-viernheim.de\/index.php?rest_route=\/wp\/v2\/users\/2"}],"replies":[{"embeddable":true,"href":"https:\/\/neu.kunsthaus-viernheim.de\/index.php?rest_route=%2Fwp%2Fv2%2Fcomments&post=442"}],"version-history":[{"count":1,"href":"https:\/\/neu.kunsthaus-viernheim.de\/index.php?rest_route=\/wp\/v2\/posts\/442\/revisions"}],"predecessor-version":[{"id":444,"href":"https:\/\/neu.kunsthaus-viernheim.de\/index.php?rest_route=\/wp\/v2\/posts\/442\/revisions\/444"}],"wp:attachment":[{"href":"https:\/\/neu.kunsthaus-viernheim.de\/index.php?rest_route=%2Fwp%2Fv2%2Fmedia&parent=442"}],"wp:term":[{"taxonomy":"category","embeddable":true,"href":"https:\/\/neu.kunsthaus-viernheim.de\/index.php?rest_route=%2Fwp%2Fv2%2Fcategories&post=442"},{"taxonomy":"post_tag","embeddable":true,"href":"https:\/\/neu.kunsthaus-viernheim.de\/index.php?rest_route=%2Fwp%2Fv2%2Ftags&post=442"}],"curies":[{"name":"wp","href":"https:\/\/api.w.org\/{rel}","templated":true}]}}