{"id":1765,"date":"2025-03-02T15:50:34","date_gmt":"2025-03-02T15:50:34","guid":{"rendered":"https:\/\/neu.kunsthaus-viernheim.de\/?p=1765"},"modified":"2025-03-02T15:50:34","modified_gmt":"2025-03-02T15:50:34","slug":"elisa-pfeifer-maskerade","status":"publish","type":"post","link":"https:\/\/neu.kunsthaus-viernheim.de\/?p=1765","title":{"rendered":"Elisa Pfeifer | Maskerade"},"content":{"rendered":"\n<figure class=\"wp-block-image size-large\"><a href=\"https:\/\/neu.kunsthaus-viernheim.de\/wp-content\/uploads\/2025\/03\/Mailfoto.jpg\"><img loading=\"lazy\" decoding=\"async\" width=\"1024\" height=\"188\" src=\"https:\/\/neu.kunsthaus-viernheim.de\/wp-content\/uploads\/2025\/03\/Mailfoto-1024x188.jpg\" alt=\"\" class=\"wp-image-1766\" srcset=\"https:\/\/neu.kunsthaus-viernheim.de\/wp-content\/uploads\/2025\/03\/Mailfoto-1024x188.jpg 1024w, https:\/\/neu.kunsthaus-viernheim.de\/wp-content\/uploads\/2025\/03\/Mailfoto-300x55.jpg 300w, https:\/\/neu.kunsthaus-viernheim.de\/wp-content\/uploads\/2025\/03\/Mailfoto-768x141.jpg 768w, https:\/\/neu.kunsthaus-viernheim.de\/wp-content\/uploads\/2025\/03\/Mailfoto-1536x282.jpg 1536w, https:\/\/neu.kunsthaus-viernheim.de\/wp-content\/uploads\/2025\/03\/Mailfoto-2048x377.jpg 2048w, https:\/\/neu.kunsthaus-viernheim.de\/wp-content\/uploads\/2025\/03\/Mailfoto-500x92.jpg 500w\" sizes=\"auto, (max-width: 1024px) 100vw, 1024px\" \/><\/a><\/figure>\n\n\n\n<p><strong>Er\u00f6ffnung: <\/strong>Freitag, 14. M\u00e4rz 2025 | 19:00 Uhr<\/p>\n\n\n\n<p>Mit einer Pr\u00e4sentation von <strong>Elisa Pfeifer<\/strong> startet der Kunstverein Viernheim das neue Ausstellungsformat TR\u00dcFFELSUCHE. Dahinter steht die Idee K\u00fcnstlerinnen und K\u00fcnstler einzuladen, die sich gerade auf den Weg gemacht haben die bunte B\u00fchne der Kunstszene zu betreten. Es geht also vornehmlich um junge Talente, die bislang zwar noch keine \u00fcber die Jahre gewachsene Reputationen vorweisen k\u00f6nnen, aber aus unserer Sicht vielleicht trotzdem interessante und spannende Positionen entwickelt haben. Der Kunstverein Viernheim m\u00f6chte damit dem k\u00fcnstlerischen Nachwuchs einerseits eine Chance bieten und den Besucher*innen bestenfalls einen Einblick in eine eventuelle artifizielle Zukunft bieten.<\/p>\n\n\n\n<p><strong>Elisa Pfeifer<\/strong> hat in Heidelberg ihren Bachelor in Musikwissenschaft mit dem Nebenfach Ethologie (Verhaltensforschung) absolviert, inklusive einem Jahr Auslandsstudium in Valencia (Spanien). Schlie\u00dflich startete sie noch ein Kunststudium an der Freien Akademie in Mannheim. Dort traf sie auf den K\u00fcnstler und B\u00fchnenbildner Motz Tietze, der sie letztendlich f\u00fcrs Theater begeistern konnte und sie bei ihren ersten Schritten in dieser Richtung unterst\u00fctzte und ermutigte.<\/p>\n\n\n\n<p>Mit Kunst, Theater und Musik hat sie damit ihre eigentliche Berufung gefunden. Neben ersten kleineren Ausstellungen, lernte sie Saxophon spielen und erprobte sich in klassischen Gesang. Im Theater arbeitet sie bis heute in erster Linie als Assistentin in B\u00fchnen- und Kost\u00fcmbild in vielen wechselnden Theaterb\u00fchnen des Landes.<\/p>\n\n\n\n<p>Mit der Ausstellung \u201eMaskerade\u201c im Kunstverein Viernheim wird sich sicherlich hier und da Einiges von all dem Genannten wiederfinden.<\/p>\n\n\n\n<p><strong>Er\u00f6ffnung:<\/strong> Freitag, 14. M\u00e4rz 2025 | 19:00 Uhr<br>Kunstverein Viernheim im Kunsthaus Viernheim Rathausstr. 36<br><strong>Begr\u00fc\u00dfung<\/strong>: Fritz Stier | Kunstverein Viernheim<br><strong>Einf\u00fchrung:<\/strong> Martha Pfeifer | Studium Germanistik u. Latinistik <br><strong>Musikduett<\/strong> mit ihrer Schwester Elisa |<br>mehrfache Preistr\u00e4gerinnen u.a. bei \u201eJugend musiziert\u201c<\/p>\n\n\n\n<p><br><strong>Ausstellungsdauer: <\/strong>14.03. &#8211; 12.04.<br><strong>\u00d6ffnungszeiten:<\/strong> Do. + Fr. 15:00 &#8211; 18:00 Uhr + Sa. 10:00 &#8211; 13:00 Uhr<\/p>\n","protected":false},"excerpt":{"rendered":"<p>Er\u00f6ffnung: Freitag, 14. M\u00e4rz 2025 | 19:00 Uhr Mit einer Pr\u00e4sentation von Elisa Pfeifer startet der Kunstverein Viernheim das neue Ausstellungsformat TR\u00dcFFELSUCHE. Dahinter steht die Idee K\u00fcnstlerinnen und K\u00fcnstler einzuladen, die sich gerade auf den Weg gemacht haben die bunte &hellip; <a href=\"https:\/\/neu.kunsthaus-viernheim.de\/?p=1765\">Weiterlesen <span class=\"meta-nav\">&rarr;<\/span><\/a><\/p>\n","protected":false},"author":2,"featured_media":0,"comment_status":"closed","ping_status":"closed","sticky":false,"template":"","format":"standard","meta":{"footnotes":""},"categories":[19],"tags":[],"class_list":["post-1765","post","type-post","status-publish","format-standard","hentry","category-ausstellungen"],"_links":{"self":[{"href":"https:\/\/neu.kunsthaus-viernheim.de\/index.php?rest_route=\/wp\/v2\/posts\/1765","targetHints":{"allow":["GET"]}}],"collection":[{"href":"https:\/\/neu.kunsthaus-viernheim.de\/index.php?rest_route=\/wp\/v2\/posts"}],"about":[{"href":"https:\/\/neu.kunsthaus-viernheim.de\/index.php?rest_route=\/wp\/v2\/types\/post"}],"author":[{"embeddable":true,"href":"https:\/\/neu.kunsthaus-viernheim.de\/index.php?rest_route=\/wp\/v2\/users\/2"}],"replies":[{"embeddable":true,"href":"https:\/\/neu.kunsthaus-viernheim.de\/index.php?rest_route=%2Fwp%2Fv2%2Fcomments&post=1765"}],"version-history":[{"count":1,"href":"https:\/\/neu.kunsthaus-viernheim.de\/index.php?rest_route=\/wp\/v2\/posts\/1765\/revisions"}],"predecessor-version":[{"id":1767,"href":"https:\/\/neu.kunsthaus-viernheim.de\/index.php?rest_route=\/wp\/v2\/posts\/1765\/revisions\/1767"}],"wp:attachment":[{"href":"https:\/\/neu.kunsthaus-viernheim.de\/index.php?rest_route=%2Fwp%2Fv2%2Fmedia&parent=1765"}],"wp:term":[{"taxonomy":"category","embeddable":true,"href":"https:\/\/neu.kunsthaus-viernheim.de\/index.php?rest_route=%2Fwp%2Fv2%2Fcategories&post=1765"},{"taxonomy":"post_tag","embeddable":true,"href":"https:\/\/neu.kunsthaus-viernheim.de\/index.php?rest_route=%2Fwp%2Fv2%2Ftags&post=1765"}],"curies":[{"name":"wp","href":"https:\/\/api.w.org\/{rel}","templated":true}]}}