{"id":1513,"date":"2023-05-11T16:10:49","date_gmt":"2023-05-11T16:10:49","guid":{"rendered":"https:\/\/neu.kunsthaus-viernheim.de\/?page_id=1513"},"modified":"2024-08-04T14:07:34","modified_gmt":"2024-08-04T14:07:34","slug":"1513-2","status":"publish","type":"post","link":"https:\/\/neu.kunsthaus-viernheim.de\/?p=1513","title":{"rendered":"MADONNA, MEDEA &amp; ICH #1 | Hanna Nitsch"},"content":{"rendered":"\n<h2 class=\"wp-block-heading\">Zeichnung, Fotografie, Video und Installation<\/h2>\n\n\n\n<figure class=\"wp-block-image size-full\"><a href=\"https:\/\/neu.kunsthaus-viernheim.de\/wp-content\/uploads\/2023\/05\/Header_Nitsch.jpg\"><img loading=\"lazy\" decoding=\"async\" width=\"710\" height=\"210\" src=\"https:\/\/neu.kunsthaus-viernheim.de\/wp-content\/uploads\/2023\/05\/Header_Nitsch.jpg\" alt=\"\" class=\"wp-image-1514\" srcset=\"https:\/\/neu.kunsthaus-viernheim.de\/wp-content\/uploads\/2023\/05\/Header_Nitsch.jpg 710w, https:\/\/neu.kunsthaus-viernheim.de\/wp-content\/uploads\/2023\/05\/Header_Nitsch-300x89.jpg 300w, https:\/\/neu.kunsthaus-viernheim.de\/wp-content\/uploads\/2023\/05\/Header_Nitsch-500x148.jpg 500w\" sizes=\"auto, (max-width: 710px) 100vw, 710px\" \/><\/a><\/figure>\n\n\n\n<p><strong>Er\u00f6ffnung am Freitag, 19.05. um 19 Uhr<\/strong><\/p>\n\n\n\n<p><\/p>\n\n\n\n<p>Der Kunstverein Viernheim zeigt die multimediale Ausstellung \u201eMADONNA, MEDEA &amp; ICH #1\u201c der Braunschweiger K\u00fcnstlerin Hanna Nitsch.<\/p>\n\n\n\n<p>Hanna Nitsch besch\u00e4ftigt sich in ihren Zeichnungen, Fotografien, Videos und Installationen mit der Konstruktion individueller und kollektiver Identit\u00e4t, in dem sie mit einem Augenzwinkern Rollenbilder und Stereotypen unserer Gesellschaft und Kultur aus Sicht der Trias: Frau, K\u00fcnstlerin und Mutter unter die Lupe nimmt. Ihre Arbeiten fragen dabei stets nach der Authentizit\u00e4t des K\u00f6rpersubjektes und nach einem unbetretbaren \u201eletzten Raum des Inneren\u201c.<\/p>\n\n\n\n<p>In Kooperation mit dem Kunstverein hat Hanna Nitsch eine mehrteilige Fotoarbeit f\u00fcr den \u00f6ffentlichen Raum mit dem Titel VIERNHEIM_BILLBOARDS_MADONNA # entwickelt. Auf sechs, im Stadtraum Viernheim verteilten Plakatw\u00e4nden konfrontiert sie den\/die Betrachter\/in mit der Ambivalenz zeitgen\u00f6ssischer Mutterschaft zwischen Maria und Medea, Gl\u00fcck und Schmerz, #loveforever und #regrettingmotherhood als m\u00f6gliche Immanenz weiblicher Identit\u00e4t. Gerade an den, f\u00fcr sie deplatzierten Orten, fordern die Arbeiten auf, \u00fcber W\u00fcrde und Respekt, Verletzlichkeit und Unantastbarkeit, den Anfang und das Ende nachzudenken.<\/p>\n","protected":false},"excerpt":{"rendered":"<p>Zeichnung, Fotografie, Video und Installation Er\u00f6ffnung am Freitag, 19.05. um 19 Uhr Der Kunstverein Viernheim zeigt die multimediale Ausstellung \u201eMADONNA, MEDEA &amp; ICH #1\u201c der Braunschweiger K\u00fcnstlerin Hanna Nitsch. Hanna Nitsch besch\u00e4ftigt sich in ihren Zeichnungen, Fotografien, Videos und Installationen &hellip; <a href=\"https:\/\/neu.kunsthaus-viernheim.de\/?p=1513\">Weiterlesen <span class=\"meta-nav\">&rarr;<\/span><\/a><\/p>\n","protected":false},"author":2,"featured_media":0,"comment_status":"closed","ping_status":"closed","sticky":false,"template":"ausstellung-beitrag","format":"standard","meta":{"footnotes":""},"categories":[19],"tags":[],"class_list":["post-1513","post","type-post","status-publish","format-standard","hentry","category-ausstellungen"],"_links":{"self":[{"href":"https:\/\/neu.kunsthaus-viernheim.de\/index.php?rest_route=\/wp\/v2\/posts\/1513","targetHints":{"allow":["GET"]}}],"collection":[{"href":"https:\/\/neu.kunsthaus-viernheim.de\/index.php?rest_route=\/wp\/v2\/posts"}],"about":[{"href":"https:\/\/neu.kunsthaus-viernheim.de\/index.php?rest_route=\/wp\/v2\/types\/post"}],"author":[{"embeddable":true,"href":"https:\/\/neu.kunsthaus-viernheim.de\/index.php?rest_route=\/wp\/v2\/users\/2"}],"replies":[{"embeddable":true,"href":"https:\/\/neu.kunsthaus-viernheim.de\/index.php?rest_route=%2Fwp%2Fv2%2Fcomments&post=1513"}],"version-history":[{"count":3,"href":"https:\/\/neu.kunsthaus-viernheim.de\/index.php?rest_route=\/wp\/v2\/posts\/1513\/revisions"}],"predecessor-version":[{"id":1517,"href":"https:\/\/neu.kunsthaus-viernheim.de\/index.php?rest_route=\/wp\/v2\/posts\/1513\/revisions\/1517"}],"wp:attachment":[{"href":"https:\/\/neu.kunsthaus-viernheim.de\/index.php?rest_route=%2Fwp%2Fv2%2Fmedia&parent=1513"}],"wp:term":[{"taxonomy":"category","embeddable":true,"href":"https:\/\/neu.kunsthaus-viernheim.de\/index.php?rest_route=%2Fwp%2Fv2%2Fcategories&post=1513"},{"taxonomy":"post_tag","embeddable":true,"href":"https:\/\/neu.kunsthaus-viernheim.de\/index.php?rest_route=%2Fwp%2Fv2%2Ftags&post=1513"}],"curies":[{"name":"wp","href":"https:\/\/api.w.org\/{rel}","templated":true}]}}