{"id":1506,"date":"2023-03-15T12:15:23","date_gmt":"2023-03-15T12:15:23","guid":{"rendered":"https:\/\/neu.kunsthaus-viernheim.de\/?page_id=1506"},"modified":"2024-08-04T14:07:34","modified_gmt":"2024-08-04T14:07:34","slug":"duft-nach-rosen-fritzi-haussmann","status":"publish","type":"post","link":"https:\/\/neu.kunsthaus-viernheim.de\/?p=1506","title":{"rendered":"Fritzi Hau\u00dfmann | DUFT nach ROSEN"},"content":{"rendered":"\n<figure class=\"wp-block-image size-large\"><a href=\"https:\/\/neu.kunsthaus-viernheim.de\/wp-content\/uploads\/2023\/03\/Mailfoto_w.jpg\"><img loading=\"lazy\" decoding=\"async\" width=\"1024\" height=\"311\" src=\"https:\/\/neu.kunsthaus-viernheim.de\/wp-content\/uploads\/2023\/03\/Mailfoto_w-1024x311.jpg\" alt=\"\" class=\"wp-image-1507\" srcset=\"https:\/\/neu.kunsthaus-viernheim.de\/wp-content\/uploads\/2023\/03\/Mailfoto_w-1024x311.jpg 1024w, https:\/\/neu.kunsthaus-viernheim.de\/wp-content\/uploads\/2023\/03\/Mailfoto_w-300x91.jpg 300w, https:\/\/neu.kunsthaus-viernheim.de\/wp-content\/uploads\/2023\/03\/Mailfoto_w-768x234.jpg 768w, https:\/\/neu.kunsthaus-viernheim.de\/wp-content\/uploads\/2023\/03\/Mailfoto_w-500x152.jpg 500w, https:\/\/neu.kunsthaus-viernheim.de\/wp-content\/uploads\/2023\/03\/Mailfoto_w.jpg 1200w\" sizes=\"auto, (max-width: 1024px) 100vw, 1024px\" \/><\/a><\/figure>\n\n\n\n<p><strong>Er\u00f6ffnung am Freitag, 31.03. um 19 Uhr<\/strong> im Kunsthaus Viernheim (Rathausstr. 36)<br><br><strong>Begr\u00fc\u00dfung<\/strong>:&nbsp;Fritz Stier | Kunstverein Viernheim<br><strong>Einf\u00fchrung<\/strong>: Prof. Hans Gercke | Kunsthistoriker<\/p>\n\n\n\n<p><strong>Fritzi Hau\u00dfmann<\/strong> arbeitet prozessorientiert und entwickelt das jeweilige Werk aus dem Material und dem umgebenden Raum heraus. In ihren \u201etube objects&#8220; lotet sie ihr bevorzugtes Material, LKW- und Fahrradschl\u00e4uche, in all seinen Eigenschaften und M\u00f6glichkeiten aus. Mit linearen Setzungen durch das N\u00e4hgarn und farbigem Lack entsteht ein Zusammenspiel von Linie und Fl\u00e4che, mattem Gummi und gl\u00e4nzender Lackfarbe.<br><br>Die K\u00fcnstlerin selbst sagt dazu: \u201cMich interessieren diejenigen Materialien, die eine besondere Geschichte erz\u00e4hlen, die ich weitererz\u00e4hlen m\u00f6chte und sie dabei zu meiner eigenen Geschichte mache.\u201c<br><br>F\u00fcr die intensive Auseinandersetzung und das bedingungslose Experimentieren, auf der Suche nach eigenen Ausdrucksformen, wurde die K\u00fcnstlerin 2021 mit dem Pfalzpreis f\u00fcr Bildende Kunst in der Sparte Plastik, ausgezeichnet.<br>&nbsp;<br>F\u00fcr die Ausstellung im Viernheimer Kunstverein hat Fritzi Hau\u00dfmann eine installative Arbeit entwickelt, in welcher neue Materialien und der konkrete Ortsbezug eine zentrale Rolle spielen.<br>Zur Vernissage wird eine Live-Performance zu sehen sein, die in Kooperation mit der Choreographin Delphina Parenti f\u00fcr diese Ausstellung entstand. Ihre Spuren werden auch w\u00e4hrend der Ausstellungsdauer sichtbar bleiben.<\/p>\n\n\n\n<hr class=\"wp-block-separator has-alpha-channel-opacity\"\/>\n\n\n\n<p><\/p>\n","protected":false},"excerpt":{"rendered":"<p>Er\u00f6ffnung am Freitag, 31.03. um 19 Uhr im Kunsthaus Viernheim (Rathausstr. 36) Begr\u00fc\u00dfung:&nbsp;Fritz Stier | Kunstverein ViernheimEinf\u00fchrung: Prof. Hans Gercke | Kunsthistoriker Fritzi Hau\u00dfmann arbeitet prozessorientiert und entwickelt das jeweilige Werk aus dem Material und dem umgebenden Raum heraus. In &hellip; <a href=\"https:\/\/neu.kunsthaus-viernheim.de\/?p=1506\">Weiterlesen <span class=\"meta-nav\">&rarr;<\/span><\/a><\/p>\n","protected":false},"author":2,"featured_media":0,"comment_status":"closed","ping_status":"closed","sticky":false,"template":"ausstellung-beitrag","format":"standard","meta":{"footnotes":""},"categories":[19],"tags":[],"class_list":["post-1506","post","type-post","status-publish","format-standard","hentry","category-ausstellungen"],"_links":{"self":[{"href":"https:\/\/neu.kunsthaus-viernheim.de\/index.php?rest_route=\/wp\/v2\/posts\/1506","targetHints":{"allow":["GET"]}}],"collection":[{"href":"https:\/\/neu.kunsthaus-viernheim.de\/index.php?rest_route=\/wp\/v2\/posts"}],"about":[{"href":"https:\/\/neu.kunsthaus-viernheim.de\/index.php?rest_route=\/wp\/v2\/types\/post"}],"author":[{"embeddable":true,"href":"https:\/\/neu.kunsthaus-viernheim.de\/index.php?rest_route=\/wp\/v2\/users\/2"}],"replies":[{"embeddable":true,"href":"https:\/\/neu.kunsthaus-viernheim.de\/index.php?rest_route=%2Fwp%2Fv2%2Fcomments&post=1506"}],"version-history":[{"count":2,"href":"https:\/\/neu.kunsthaus-viernheim.de\/index.php?rest_route=\/wp\/v2\/posts\/1506\/revisions"}],"predecessor-version":[{"id":1510,"href":"https:\/\/neu.kunsthaus-viernheim.de\/index.php?rest_route=\/wp\/v2\/posts\/1506\/revisions\/1510"}],"wp:attachment":[{"href":"https:\/\/neu.kunsthaus-viernheim.de\/index.php?rest_route=%2Fwp%2Fv2%2Fmedia&parent=1506"}],"wp:term":[{"taxonomy":"category","embeddable":true,"href":"https:\/\/neu.kunsthaus-viernheim.de\/index.php?rest_route=%2Fwp%2Fv2%2Fcategories&post=1506"},{"taxonomy":"post_tag","embeddable":true,"href":"https:\/\/neu.kunsthaus-viernheim.de\/index.php?rest_route=%2Fwp%2Fv2%2Ftags&post=1506"}],"curies":[{"name":"wp","href":"https:\/\/api.w.org\/{rel}","templated":true}]}}