{"id":1477,"date":"2022-06-25T16:26:08","date_gmt":"2022-06-25T16:26:08","guid":{"rendered":"https:\/\/neu.kunsthaus-viernheim.de\/?page_id=1477"},"modified":"2024-08-04T14:07:34","modified_gmt":"2024-08-04T14:07:34","slug":"superart-tv-eric-carstensen-und-michael-volkmer-schweigen-streuen","status":"publish","type":"post","link":"https:\/\/neu.kunsthaus-viernheim.de\/?p=1477","title":{"rendered":"superart.tv | Eric Carstensen und Michael Volkmer | SCHWEIGEN STREUEN | 15.07. bis 13.08."},"content":{"rendered":"\n<figure class=\"wp-block-image size-full\"><a href=\"https:\/\/neu.kunsthaus-viernheim.de\/wp-content\/uploads\/2022\/06\/superart_tv_Plakat_gross3.png\"><img loading=\"lazy\" decoding=\"async\" width=\"900\" height=\"215\" src=\"https:\/\/neu.kunsthaus-viernheim.de\/wp-content\/uploads\/2022\/06\/superart_tv_Plakat_gross3.png\" alt=\"\" class=\"wp-image-1478\" srcset=\"https:\/\/neu.kunsthaus-viernheim.de\/wp-content\/uploads\/2022\/06\/superart_tv_Plakat_gross3.png 900w, https:\/\/neu.kunsthaus-viernheim.de\/wp-content\/uploads\/2022\/06\/superart_tv_Plakat_gross3-300x72.png 300w, https:\/\/neu.kunsthaus-viernheim.de\/wp-content\/uploads\/2022\/06\/superart_tv_Plakat_gross3-768x183.png 768w, https:\/\/neu.kunsthaus-viernheim.de\/wp-content\/uploads\/2022\/06\/superart_tv_Plakat_gross3-500x119.png 500w\" sizes=\"auto, (max-width: 900px) 100vw, 900px\" \/><\/a><\/figure>\n\n\n\n<p><strong>Er\u00f6ffnung: Freitag 15. Juli. 2022 | 19:00 Uhr<\/strong><br>Begr\u00fc\u00dfung: Fritz Stier | Kunstverein Viernheim<br>Einf\u00fchrung: Annika Wind | Freie Kulturredakteurin<\/p>\n\n\n\n<p><strong>Eric Carstensen &amp; Michael Volkmer <\/strong>verstehen sich als Video- und Konzeptk\u00fcnstler, die seit 1996 als das k\u00fcnstlerische Duo superart.tv zusammenarbeiten.<br>Ihre Installationen entstehen in Situ; das hei\u00dft sie reagieren auf den vorgefundenen Ort und entsprechenden Gegebenheiten. Oftmals entstehen dazu filmische Recherchen in der Umgebung, die in die Installation mit einbezogen werden.<\/p>\n\n\n\n<p>Beim Entstehungsprozess ihrer Videoarbeiten beweisen die beiden einen untr\u00fcglichen Instinkt, Orte und Geschehnisse zu entdecken, aufzusp\u00fcren und in unkomplizierter Art und Weise zu ineinandergreifenden Werken werden zu lassen.<br>Sei es in einem leerstehenden Krankenhaus, das kurzerhand zum Filmset umgebaut wird oder beim heimlichen Filmen an einem Bankautomaten. Sie spielen Schach in einer \u00f6ffentlichen Toilette oder lassen sich in eine Arrestzelle sperren. Beziehungsweise inszenieren sie sich mit seltsamen Schrifttafeln zwischen Bettler<em>innen und Portraitzeichner<\/em>innen f\u00fcr Touristen in Paris oder begleiten die Protagonist*innen ihrer Dokumentationen vom Aufwachen bis zum Einschlafen.<\/p>\n","protected":false},"excerpt":{"rendered":"<p>Er\u00f6ffnung: Freitag 15. Juli. 2022 | 19:00 UhrBegr\u00fc\u00dfung: Fritz Stier | Kunstverein ViernheimEinf\u00fchrung: Annika Wind | Freie Kulturredakteurin Eric Carstensen &amp; Michael Volkmer verstehen sich als Video- und Konzeptk\u00fcnstler, die seit 1996 als das k\u00fcnstlerische Duo superart.tv zusammenarbeiten.Ihre Installationen entstehen &hellip; <a href=\"https:\/\/neu.kunsthaus-viernheim.de\/?p=1477\">Weiterlesen <span class=\"meta-nav\">&rarr;<\/span><\/a><\/p>\n","protected":false},"author":2,"featured_media":0,"comment_status":"closed","ping_status":"closed","sticky":false,"template":"ausstellung-beitrag","format":"standard","meta":{"footnotes":""},"categories":[19],"tags":[],"class_list":["post-1477","post","type-post","status-publish","format-standard","hentry","category-ausstellungen"],"_links":{"self":[{"href":"https:\/\/neu.kunsthaus-viernheim.de\/index.php?rest_route=\/wp\/v2\/posts\/1477","targetHints":{"allow":["GET"]}}],"collection":[{"href":"https:\/\/neu.kunsthaus-viernheim.de\/index.php?rest_route=\/wp\/v2\/posts"}],"about":[{"href":"https:\/\/neu.kunsthaus-viernheim.de\/index.php?rest_route=\/wp\/v2\/types\/post"}],"author":[{"embeddable":true,"href":"https:\/\/neu.kunsthaus-viernheim.de\/index.php?rest_route=\/wp\/v2\/users\/2"}],"replies":[{"embeddable":true,"href":"https:\/\/neu.kunsthaus-viernheim.de\/index.php?rest_route=%2Fwp%2Fv2%2Fcomments&post=1477"}],"version-history":[{"count":3,"href":"https:\/\/neu.kunsthaus-viernheim.de\/index.php?rest_route=\/wp\/v2\/posts\/1477\/revisions"}],"predecessor-version":[{"id":1483,"href":"https:\/\/neu.kunsthaus-viernheim.de\/index.php?rest_route=\/wp\/v2\/posts\/1477\/revisions\/1483"}],"wp:attachment":[{"href":"https:\/\/neu.kunsthaus-viernheim.de\/index.php?rest_route=%2Fwp%2Fv2%2Fmedia&parent=1477"}],"wp:term":[{"taxonomy":"category","embeddable":true,"href":"https:\/\/neu.kunsthaus-viernheim.de\/index.php?rest_route=%2Fwp%2Fv2%2Fcategories&post=1477"},{"taxonomy":"post_tag","embeddable":true,"href":"https:\/\/neu.kunsthaus-viernheim.de\/index.php?rest_route=%2Fwp%2Fv2%2Ftags&post=1477"}],"curies":[{"name":"wp","href":"https:\/\/api.w.org\/{rel}","templated":true}]}}