{"id":1461,"date":"2022-04-13T13:45:50","date_gmt":"2022-04-13T13:45:50","guid":{"rendered":"https:\/\/neu.kunsthaus-viernheim.de\/?page_id=1461"},"modified":"2024-08-04T14:07:34","modified_gmt":"2024-08-04T14:07:34","slug":"daniel-sambo-richter-orange-over-white-29-04-11-06-2022","status":"publish","type":"post","link":"https:\/\/neu.kunsthaus-viernheim.de\/?p=1461","title":{"rendered":"Daniel Sambo-Richter | ORANGE OVER WHITE | 29.04. &#8211; 11.06.2022"},"content":{"rendered":"\n<p><\/p>\n\n\n\n<figure class=\"wp-block-image size-full\"><a href=\"https:\/\/neu.kunsthaus-viernheim.de\/wp-content\/uploads\/2022\/04\/OrangeOverWhite_web.jpg\"><img loading=\"lazy\" decoding=\"async\" width=\"940\" height=\"273\" src=\"https:\/\/neu.kunsthaus-viernheim.de\/wp-content\/uploads\/2022\/04\/OrangeOverWhite_web.jpg\" alt=\"\" class=\"wp-image-1462\" srcset=\"https:\/\/neu.kunsthaus-viernheim.de\/wp-content\/uploads\/2022\/04\/OrangeOverWhite_web.jpg 940w, https:\/\/neu.kunsthaus-viernheim.de\/wp-content\/uploads\/2022\/04\/OrangeOverWhite_web-300x87.jpg 300w, https:\/\/neu.kunsthaus-viernheim.de\/wp-content\/uploads\/2022\/04\/OrangeOverWhite_web-768x223.jpg 768w, https:\/\/neu.kunsthaus-viernheim.de\/wp-content\/uploads\/2022\/04\/OrangeOverWhite_web-500x145.jpg 500w\" sizes=\"auto, (max-width: 940px) 100vw, 940px\" \/><\/a><\/figure>\n\n\n\n<p><strong>Er\u00f6ffnung: Freit<\/strong>ag 29. April 2022 | 19:00 Uhr<br>Begr\u00fc\u00dfung: Fritz Stier | Kunstverein Viernheim<br>Einf\u00fchrung: Dr. Dietmar Schuth | Kunsthistoriker<br>Kunstverein Schwetzingen und Museum Blau Schwetzingen<\/p>\n\n\n\n<p>Als Maler widmet sich <strong>Daniel Sambo-Richter<\/strong> mit seiner Ausstellung \u201eOrange over White\u201c auf metaphorischer Ebene aktuellen gesellschaftlichen Umbr\u00fcchen und dem Zustand unserer Welt. Urspr\u00fcnglich von Medienberichterstattungen \u00fcber die abschmelzenden Pole und weltweite Feuersbr\u00fcnste ausgehend, widmet er sich aktuell malerischen Ann\u00e4herungen an die Darstellung von Feuer und Eis. Dazu hat er j\u00fcngst eine Reihe gro\u00dfformatiger Arbeiten fertiggestellt, die in mehrteiligen Zyklen Formationen von Eisbergen sowie Bilder ausbrechender Vulkane, brennender H\u00e4user und Autos zeigen. Die bildgewaltigen Kompositionen konfrontieren uns gleicherma\u00dfen mit der Sch\u00f6nheit der Katastrophe wie sie uns auch eindringlich ins Bewusstsein rufen, dass der Raubbau an der Natur und die Auswirkungen unserer ungebremsten Wachstumsideologie unsere eigenen Lebensr\u00e4ume immer mehr in Gefahr bringen. Zwischen Faszination und Bedrohlichkeit changierend rezipiert Daniel Sambo-Richter mit seinen neuesten Arbeiten Bildtraditionen, die weit in die Kunstgeschichte zur\u00fcckreichen und adaptiert sie f\u00fcr das 21. Jahrhundert. Schon in der Kunst des 19. Jahrhunderts galten die Darstellungen des Eismeeres oder brennender St\u00e4dte als Symbol f\u00fcr gesellschaftliche und politische Umbr\u00fcche.<\/p>\n","protected":false},"excerpt":{"rendered":"<p>Er\u00f6ffnung: Freitag 29. April 2022 | 19:00 UhrBegr\u00fc\u00dfung: Fritz Stier | Kunstverein ViernheimEinf\u00fchrung: Dr. Dietmar Schuth | KunsthistorikerKunstverein Schwetzingen und Museum Blau Schwetzingen Als Maler widmet sich Daniel Sambo-Richter mit seiner Ausstellung \u201eOrange over White\u201c auf metaphorischer Ebene aktuellen gesellschaftlichen &hellip; <a href=\"https:\/\/neu.kunsthaus-viernheim.de\/?p=1461\">Weiterlesen <span class=\"meta-nav\">&rarr;<\/span><\/a><\/p>\n","protected":false},"author":2,"featured_media":0,"comment_status":"closed","ping_status":"closed","sticky":false,"template":"ausstellung-beitrag","format":"standard","meta":{"footnotes":""},"categories":[19],"tags":[],"class_list":["post-1461","post","type-post","status-publish","format-standard","hentry","category-ausstellungen"],"_links":{"self":[{"href":"https:\/\/neu.kunsthaus-viernheim.de\/index.php?rest_route=\/wp\/v2\/posts\/1461","targetHints":{"allow":["GET"]}}],"collection":[{"href":"https:\/\/neu.kunsthaus-viernheim.de\/index.php?rest_route=\/wp\/v2\/posts"}],"about":[{"href":"https:\/\/neu.kunsthaus-viernheim.de\/index.php?rest_route=\/wp\/v2\/types\/post"}],"author":[{"embeddable":true,"href":"https:\/\/neu.kunsthaus-viernheim.de\/index.php?rest_route=\/wp\/v2\/users\/2"}],"replies":[{"embeddable":true,"href":"https:\/\/neu.kunsthaus-viernheim.de\/index.php?rest_route=%2Fwp%2Fv2%2Fcomments&post=1461"}],"version-history":[{"count":4,"href":"https:\/\/neu.kunsthaus-viernheim.de\/index.php?rest_route=\/wp\/v2\/posts\/1461\/revisions"}],"predecessor-version":[{"id":1470,"href":"https:\/\/neu.kunsthaus-viernheim.de\/index.php?rest_route=\/wp\/v2\/posts\/1461\/revisions\/1470"}],"wp:attachment":[{"href":"https:\/\/neu.kunsthaus-viernheim.de\/index.php?rest_route=%2Fwp%2Fv2%2Fmedia&parent=1461"}],"wp:term":[{"taxonomy":"category","embeddable":true,"href":"https:\/\/neu.kunsthaus-viernheim.de\/index.php?rest_route=%2Fwp%2Fv2%2Fcategories&post=1461"},{"taxonomy":"post_tag","embeddable":true,"href":"https:\/\/neu.kunsthaus-viernheim.de\/index.php?rest_route=%2Fwp%2Fv2%2Ftags&post=1461"}],"curies":[{"name":"wp","href":"https:\/\/api.w.org\/{rel}","templated":true}]}}