{"id":1442,"date":"2021-12-20T14:21:26","date_gmt":"2021-12-20T14:21:26","guid":{"rendered":"https:\/\/neu.kunsthaus-viernheim.de\/?page_id=1442"},"modified":"2024-08-04T14:07:34","modified_gmt":"2024-08-04T14:07:34","slug":"jahresgabe-kunstverein","status":"publish","type":"post","link":"https:\/\/neu.kunsthaus-viernheim.de\/?p=1442","title":{"rendered":"Jahresgabe Kunstverein"},"content":{"rendered":"\n<figure class=\"wp-block-image size-large\"><a href=\"https:\/\/neu.kunsthaus-viernheim.de\/wp-content\/uploads\/2021\/12\/5er-Edition_web.jpg\"><img loading=\"lazy\" decoding=\"async\" width=\"1024\" height=\"281\" src=\"https:\/\/neu.kunsthaus-viernheim.de\/wp-content\/uploads\/2021\/12\/5er-Edition_web-1024x281.jpg\" alt=\"\" class=\"wp-image-1443\" srcset=\"https:\/\/neu.kunsthaus-viernheim.de\/wp-content\/uploads\/2021\/12\/5er-Edition_web-1024x281.jpg 1024w, https:\/\/neu.kunsthaus-viernheim.de\/wp-content\/uploads\/2021\/12\/5er-Edition_web-300x82.jpg 300w, https:\/\/neu.kunsthaus-viernheim.de\/wp-content\/uploads\/2021\/12\/5er-Edition_web-768x211.jpg 768w, https:\/\/neu.kunsthaus-viernheim.de\/wp-content\/uploads\/2021\/12\/5er-Edition_web-500x137.jpg 500w, https:\/\/neu.kunsthaus-viernheim.de\/wp-content\/uploads\/2021\/12\/5er-Edition_web.jpg 1504w\" sizes=\"auto, (max-width: 1024px) 100vw, 1024px\" \/><\/a><figcaption>Alexander K\u00e4stel &#8211; Jahresgabe 2021<\/figcaption><\/figure>\n\n\n\n<p><strong>JAHRESGABE des Viernheimer Kunstverein 202<\/strong>1<\/p>\n\n\n\n<p><strong>F\u00fcnf Fotografien von Alexander K\u00e4stel schon ab 150.- Euro<\/strong><\/p>\n\n\n\n<p>Nach einer l\u00e4ngeren Pause legt der Kunstverein Viernheim eine Fotografie-Edition des Mannheimer Fotografen Alexander K\u00e4stel mit Impressionen aus Paris und Ludwigshafen\/Rh. auf. Jahresgaben haben in Kunstvereinen eine lange Tradition und unterst\u00fctzen damit sowohl die K\u00fcnstler*innen, als auch den Kunstverein.\u00a0 Zudem m\u00f6chte Alexander K\u00e4stel 10 % vom Verkauferl\u00f6s an die Citykirche Konkordien in Mannheim spenden, um deren zahlreiche sozialen Projekte zu unterst\u00fctzen.<\/p>\n\n\n\n<p>Auflage 250 St\u00fcck<\/p>\n\n\n\n<p>Ma\u00dfe: je 21cm H x 15 cm B<\/p>\n\n\n\n<p>Material: 100% 300g\/qm Recyclingpapier<\/p>\n\n\n\n<p>Bio-Farben 100% biologisch abbaubar&nbsp;<\/p>\n\n\n\n<p><strong>Euro 150.- (Mitglieder)<\/strong><\/p>\n\n\n\n<p><strong>Euro 200.- (Nichtmitglieder)<\/strong><\/p>\n\n\n\n<p>(ohne Rahmen)<\/p>\n\n\n\n<p>R\u00fcckseite: nummeriert und signiert<\/p>\n\n\n\n<p>Wir w\u00fcnschen Frohe Festtage und guten Rutsch!<\/p>\n","protected":false},"excerpt":{"rendered":"<p>JAHRESGABE des Viernheimer Kunstverein 2021 F\u00fcnf Fotografien von Alexander K\u00e4stel schon ab 150.- Euro Nach einer l\u00e4ngeren Pause legt der Kunstverein Viernheim eine Fotografie-Edition des Mannheimer Fotografen Alexander K\u00e4stel mit Impressionen aus Paris und Ludwigshafen\/Rh. auf. Jahresgaben haben in Kunstvereinen &hellip; <a href=\"https:\/\/neu.kunsthaus-viernheim.de\/?p=1442\">Weiterlesen <span class=\"meta-nav\">&rarr;<\/span><\/a><\/p>\n","protected":false},"author":2,"featured_media":0,"comment_status":"closed","ping_status":"closed","sticky":false,"template":"ausstellung-beitrag","format":"standard","meta":{"footnotes":""},"categories":[19],"tags":[],"class_list":["post-1442","post","type-post","status-publish","format-standard","hentry","category-ausstellungen"],"_links":{"self":[{"href":"https:\/\/neu.kunsthaus-viernheim.de\/index.php?rest_route=\/wp\/v2\/posts\/1442","targetHints":{"allow":["GET"]}}],"collection":[{"href":"https:\/\/neu.kunsthaus-viernheim.de\/index.php?rest_route=\/wp\/v2\/posts"}],"about":[{"href":"https:\/\/neu.kunsthaus-viernheim.de\/index.php?rest_route=\/wp\/v2\/types\/post"}],"author":[{"embeddable":true,"href":"https:\/\/neu.kunsthaus-viernheim.de\/index.php?rest_route=\/wp\/v2\/users\/2"}],"replies":[{"embeddable":true,"href":"https:\/\/neu.kunsthaus-viernheim.de\/index.php?rest_route=%2Fwp%2Fv2%2Fcomments&post=1442"}],"version-history":[{"count":3,"href":"https:\/\/neu.kunsthaus-viernheim.de\/index.php?rest_route=\/wp\/v2\/posts\/1442\/revisions"}],"predecessor-version":[{"id":1446,"href":"https:\/\/neu.kunsthaus-viernheim.de\/index.php?rest_route=\/wp\/v2\/posts\/1442\/revisions\/1446"}],"wp:attachment":[{"href":"https:\/\/neu.kunsthaus-viernheim.de\/index.php?rest_route=%2Fwp%2Fv2%2Fmedia&parent=1442"}],"wp:term":[{"taxonomy":"category","embeddable":true,"href":"https:\/\/neu.kunsthaus-viernheim.de\/index.php?rest_route=%2Fwp%2Fv2%2Fcategories&post=1442"},{"taxonomy":"post_tag","embeddable":true,"href":"https:\/\/neu.kunsthaus-viernheim.de\/index.php?rest_route=%2Fwp%2Fv2%2Ftags&post=1442"}],"curies":[{"name":"wp","href":"https:\/\/api.w.org\/{rel}","templated":true}]}}