{"id":1414,"date":"2021-10-18T10:00:42","date_gmt":"2021-10-18T10:00:42","guid":{"rendered":"https:\/\/neu.kunsthaus-viernheim.de\/?page_id=1414"},"modified":"2024-08-04T14:07:34","modified_gmt":"2024-08-04T14:07:34","slug":"gaestezimmer","status":"publish","type":"post","link":"https:\/\/neu.kunsthaus-viernheim.de\/?p=1414","title":{"rendered":"G\u00c4STEZIMMER"},"content":{"rendered":"\n<figure class=\"wp-block-image size-large\"><a href=\"https:\/\/neu.kunsthaus-viernheim.de\/wp-content\/uploads\/2021\/10\/Banner_Gaestezimmer_web-1.jpg\"><img loading=\"lazy\" decoding=\"async\" width=\"1024\" height=\"339\" src=\"https:\/\/neu.kunsthaus-viernheim.de\/wp-content\/uploads\/2021\/10\/Banner_Gaestezimmer_web-1-1024x339.jpg\" alt=\"\" class=\"wp-image-1428\" srcset=\"https:\/\/neu.kunsthaus-viernheim.de\/wp-content\/uploads\/2021\/10\/Banner_Gaestezimmer_web-1-1024x339.jpg 1024w, https:\/\/neu.kunsthaus-viernheim.de\/wp-content\/uploads\/2021\/10\/Banner_Gaestezimmer_web-1-300x99.jpg 300w, https:\/\/neu.kunsthaus-viernheim.de\/wp-content\/uploads\/2021\/10\/Banner_Gaestezimmer_web-1-768x255.jpg 768w, https:\/\/neu.kunsthaus-viernheim.de\/wp-content\/uploads\/2021\/10\/Banner_Gaestezimmer_web-1-500x166.jpg 500w, https:\/\/neu.kunsthaus-viernheim.de\/wp-content\/uploads\/2021\/10\/Banner_Gaestezimmer_web-1.jpg 1400w\" sizes=\"auto, (max-width: 1024px) 100vw, 1024px\" \/><\/a><\/figure>\n\n\n\n<p>Zeitgen\u00f6ssische Kunst als Ausgangspunkt f\u00fcr Diskurs zu sehen, als Angebot anderer Sichtweisen und Standpunkte und Einladung zum Gespr\u00e4ch, ist seit der Gr\u00fcndung des Kunstverein Viernheim unser konzeptueller Ansatz, der nichts an Aktualit\u00e4t verloren hat.<\/p>\n\n\n\n<p>Mit dem neuen Ausstellungsprojekt <strong>G\u00c4STEZIMMER<\/strong><strong> <\/strong>laden wir nun wichtige Co-Akteur*innen im Bereich der aktuellen Kunstvermittlung als G\u00e4ste ein. So pr\u00e4sentieren sich bis Mitte Dezember f\u00fcnf der spannendsten Galerien der Metropolregion.<\/p>\n\n\n\n<p>In dem in Corona Zeiten entwickelten Format <strong>ARTBOX &#8211; Kunst im Vor\u00fcbergehen<\/strong> (Schaufenster des Kunstvereins) k\u00f6nnen sich die Galerien f\u00fcr jeweils 10 Tage mit Ausz\u00fcgen aus ihrem Galerieprogramm vorstellen.<\/p>\n\n\n\n<p>\u00dcbrigens wird das ganze Projekt von Anfang an vom Dachverband der deutschen Kunstvereine (ADKV) auf ihrer Facebook Seite prominent begleitet.<\/p>\n\n\n\n<p>Die hier pr\u00e4sentierten Arbeiten k\u00f6nnen nat\u00fcrlich alle k\u00e4uflich erworben werden.<\/p>\n\n\n\n<p><a href=\"https:\/\/neu.kunsthaus-viernheim.de\/pdf\/G\u00e4stezimmer_Einladung_ready.pdf\" data-type=\"URL\">Programm Download<\/a><\/p>\n\n\n\n<p><\/p>\n\n\n\n<p>Ins G\u00e4stezimmer haben wir zum Abschluss der Ausstellungsreihe<strong> Ingrid Burgy de Ruijter<\/strong> aus Neustadt a.d. Weinstra\u00dfe eingeladen.<\/p>\n\n\n\n<p>Die <strong>Buergyderuijtergaller<\/strong>y zeigt in der ARTBOX fotografische Arbeiten von <strong>Eyal Pinkas<\/strong>.<\/p>\n\n\n\n<p>Er selbst sagt dazu: \u201eMeine fotografische Arbeit besch\u00e4ftigt sich mit Themen der Dekonstruktion, der Wahrnehmung und den verschiedenen M\u00f6glichkeiten der Darstellung von Objekten und Waren. Ich produziere fotografische Bildserien, in denen ich meine pers\u00f6nliche Herangehensweise an Stillleben und inszenierte Fotografie einsetze. Die Art und Weise, wie ich Objekte und R\u00e4ume in digitale, zweidimensionale Darstellungen umwandle, hat die Form von fotografischen Experimenten. Diese Experimente sind die konzeptionelle Strukturen, die zu einem Bild f\u00fchren. Meine Arbeit beginnt mit einer Begegnung mit dem Physischen &#8211; die Kamera fotografiert das, was vor ihr ist. Als weiteren Schritt, setzt sich mein Arbeitsprozess in der digitalen Arbeitsumgebung fort. Dort baue ich Hindernisse ein, um die Funktionen der Bildbearbeitungssoftware zu \u00fcberlisten. Die Herausforderung an die F\u00e4higkeit der Software ein perfektes Bild zu erstellen durch automatische Prozesse, erzeugt das Potenzial einer gebrochenen und unkontrollierten \u00c4sthetik. Ein Bild, in dem die abgebildete Szene die Spannung enth\u00e4lt, erkennbar zu sein und gleichzeitig etwas anderes zu werden.<\/p>\n\n\n\n<p><br><\/p>\n\n\n\n<p>Termine:<\/p>\n\n\n\n<figure class=\"wp-block-table is-style-regular\"><table><tbody><tr><td><a href=\"https:\/\/galerielindehollinger.de\/\"> Galerie Linde Hollinger <\/a><\/td><td>  22.10. bis 31.10<\/td><td><\/td><\/tr><tr><td><a href=\"https:\/\/galeriekimbehm.com\/\"> Galerie Kim Behm<\/a><\/td><td>  02.11. bis 11.11&nbsp; <\/td><td><\/td><\/tr><tr><td><a href=\"https:\/\/fath-contemporary.de\/\"> Sebastian Fath Contemporary<\/a> <\/td><td> 13.11. bis 22.11.&nbsp; <\/td><td><\/td><\/tr><tr><td><a href=\"http:\/\/www.galerie-julia-philippi.de\/\"> Galerie Julia Philippi<\/a> <\/td><td> 24.11. bis 04.12&nbsp; <\/td><td><\/td><\/tr><tr><td><a href=\"https:\/\/www.upart-online.de\/\"> Buergyderuijtergallery <\/a><\/td><td> 06.12. bis 15.12&nbsp;&nbsp; <\/td><td><\/td><\/tr><\/tbody><\/table><\/figure>\n\n\n\n<p><\/p>\n","protected":false},"excerpt":{"rendered":"<p>Zeitgen\u00f6ssische Kunst als Ausgangspunkt f\u00fcr Diskurs zu sehen, als Angebot anderer Sichtweisen und Standpunkte und Einladung zum Gespr\u00e4ch, ist seit der Gr\u00fcndung des Kunstverein Viernheim unser konzeptueller Ansatz, der nichts an Aktualit\u00e4t verloren hat. Mit dem neuen Ausstellungsprojekt G\u00c4STEZIMMER laden &hellip; <a href=\"https:\/\/neu.kunsthaus-viernheim.de\/?p=1414\">Weiterlesen <span class=\"meta-nav\">&rarr;<\/span><\/a><\/p>\n","protected":false},"author":2,"featured_media":0,"comment_status":"closed","ping_status":"closed","sticky":false,"template":"ausstellung-beitrag","format":"standard","meta":{"footnotes":""},"categories":[19],"tags":[],"class_list":["post-1414","post","type-post","status-publish","format-standard","hentry","category-ausstellungen"],"_links":{"self":[{"href":"https:\/\/neu.kunsthaus-viernheim.de\/index.php?rest_route=\/wp\/v2\/posts\/1414","targetHints":{"allow":["GET"]}}],"collection":[{"href":"https:\/\/neu.kunsthaus-viernheim.de\/index.php?rest_route=\/wp\/v2\/posts"}],"about":[{"href":"https:\/\/neu.kunsthaus-viernheim.de\/index.php?rest_route=\/wp\/v2\/types\/post"}],"author":[{"embeddable":true,"href":"https:\/\/neu.kunsthaus-viernheim.de\/index.php?rest_route=\/wp\/v2\/users\/2"}],"replies":[{"embeddable":true,"href":"https:\/\/neu.kunsthaus-viernheim.de\/index.php?rest_route=%2Fwp%2Fv2%2Fcomments&post=1414"}],"version-history":[{"count":15,"href":"https:\/\/neu.kunsthaus-viernheim.de\/index.php?rest_route=\/wp\/v2\/posts\/1414\/revisions"}],"predecessor-version":[{"id":1441,"href":"https:\/\/neu.kunsthaus-viernheim.de\/index.php?rest_route=\/wp\/v2\/posts\/1414\/revisions\/1441"}],"wp:attachment":[{"href":"https:\/\/neu.kunsthaus-viernheim.de\/index.php?rest_route=%2Fwp%2Fv2%2Fmedia&parent=1414"}],"wp:term":[{"taxonomy":"category","embeddable":true,"href":"https:\/\/neu.kunsthaus-viernheim.de\/index.php?rest_route=%2Fwp%2Fv2%2Fcategories&post=1414"},{"taxonomy":"post_tag","embeddable":true,"href":"https:\/\/neu.kunsthaus-viernheim.de\/index.php?rest_route=%2Fwp%2Fv2%2Ftags&post=1414"}],"curies":[{"name":"wp","href":"https:\/\/api.w.org\/{rel}","templated":true}]}}