{"id":1311,"date":"2020-10-10T14:31:52","date_gmt":"2020-10-10T14:31:52","guid":{"rendered":"https:\/\/neu.kunsthaus-viernheim.de\/?page_id=1311"},"modified":"2024-08-05T08:06:54","modified_gmt":"2024-08-05T08:06:54","slug":"point-of-view","status":"publish","type":"post","link":"https:\/\/neu.kunsthaus-viernheim.de\/?p=1311","title":{"rendered":"Point of View"},"content":{"rendered":"\n<p><strong>Ute Lindner | Cyanotypien<\/strong><\/p>\n\n\n\n<figure class=\"wp-block-image size-large\"><img loading=\"lazy\" decoding=\"async\" width=\"710\" height=\"210\" src=\"https:\/\/neu.kunsthaus-viernheim.de\/wp-content\/uploads\/2020\/10\/Ute_Lindner.jpg\" alt=\"\" class=\"wp-image-1312\" srcset=\"https:\/\/neu.kunsthaus-viernheim.de\/wp-content\/uploads\/2020\/10\/Ute_Lindner.jpg 710w, https:\/\/neu.kunsthaus-viernheim.de\/wp-content\/uploads\/2020\/10\/Ute_Lindner-300x89.jpg 300w, https:\/\/neu.kunsthaus-viernheim.de\/wp-content\/uploads\/2020\/10\/Ute_Lindner-500x148.jpg 500w\" sizes=\"auto, (max-width: 710px) 100vw, 710px\" \/><\/figure>\n\n\n\n<p><strong>Er\u00f6ffnung am Freitag, 16. Oktober 19 Uhr<\/strong><\/p>\n\n\n\n<p><a href=\"https:\/\/youtu.be\/kk9U5MJb7ZA\">Video zur Ausstellung<\/a><\/p>\n\n\n\n<p>Mit gro\u00dfformatigen Cyanotypien auf breiten Stoffbahnen verwandelt Ute Lindner die R\u00e4ume des Viernheimer Kunstvereins in ein begehbares Tableau fotografischer Abbildungen verschiedener Orte und ihrer Geschichte. Mit der Technik der Cyanotypie belebt die K\u00fcnstlerin ein altes fotografisches Kopierverfahren, bei dem die Sonne Preu\u00dfisch Blau entstehen l\u00e4sst.<\/p>\n\n\n\n<p>Ihre fotografischen Aufnahmen montiert die K\u00fcnstlerin zu einer autonomen Realit\u00e4t, die au\u00dferbildliche Bez\u00fcge von Raum und Zeit in sich aufhebt und durch deren Verschr\u00e4nkung eine Entgrenzung erwirkt.<\/p>\n\n\n\n<p>Die Arbeiten der Berliner Fotok\u00fcnstlerin Ute Lindner werden in nationalen und internationalen Ausstellungen gezeigt, in den letzten Jahren u.a. 2017 in Schanghai als artist-in-residence, in der Akademie der K\u00fcnste in Berlin als Finalistin des Gabriele-M\u00fcnter-Preises, 2018 u.a. im Torrance Art Museum in LA, im National Museum of Art in Osaka, im Kasseler Kunstverein. Im Rahmen des European Month of Photography 2018 in Berlin war sie mit drei Einzelausstellungen vertreten: in der Stiftung Starke im L\u00f6wenpalais, im PhotoWerkBerlin sowie im Projektraum Kronenboden. Weitere Einzelausstellungen u.a. bei \u00c5plus, Berlin. 2019 war sie u.a. im Museum of Contemporary Art (MOCA) in Novi Sad, im Museum fu\u0308r Fotokopie \/ M.F.F., M\u00fclheim an der Ruhr sowie bei Schoeler.Berlin und in der Galerie Wolf &amp; Galentz, Berlin, vertreten, 2020 in der aff Galerie und in der Gallery of the University of Arts, Posen.<\/p>\n\n\n\n<p>Kunst-am-Bau-Arbeiten wurden u.a. am Savignyplatz\/Berlin und in der VGH Hannover realisiert.<\/p>\n\n\n\n<p>Ihre Werke sind in namhaften Sammlungen vertreten: National Museum of Art\/Osaka, Norton Museum of Art\/Palm Beach, Deutsche Botschaft Peking, Sammlung der Bundesrepublik Deutschland, Kunsthalle Bremen, Berlinische Galerie, Neue Galerie Kassel, Sammlung Jeane von Oppenheim,&nbsp; Sammlung Alison und Peter W. Klein, VGH Hannover u.a.).<\/p>\n\n\n\n<p><a href=\"http:\/\/www.utelindner.de\/\">www.utelindner.de<\/a><\/p>\n\n\n\n<p>\u00d6ffnungszeiten: Do.+ Fr. 15:00 \u2013 18:00 Uhr + Sa. 10:00 \u2013 13:00 Uhr<br>Wir folgen einem abgestimmten Schutz- und Hygienekonzept, das nach beh\u00f6rdlichen Vorgaben entwickelt wurde.<\/p>\n","protected":false},"excerpt":{"rendered":"<p>Ute Lindner | Cyanotypien Er\u00f6ffnung am Freitag, 16. Oktober 19 Uhr Video zur Ausstellung Mit gro\u00dfformatigen Cyanotypien auf breiten Stoffbahnen verwandelt Ute Lindner die R\u00e4ume des Viernheimer Kunstvereins in ein begehbares Tableau fotografischer Abbildungen verschiedener Orte und ihrer Geschichte. Mit &hellip; <a href=\"https:\/\/neu.kunsthaus-viernheim.de\/?p=1311\">Weiterlesen <span class=\"meta-nav\">&rarr;<\/span><\/a><\/p>\n","protected":false},"author":2,"featured_media":0,"comment_status":"closed","ping_status":"closed","sticky":false,"template":"","format":"standard","meta":{"footnotes":""},"categories":[19],"tags":[],"class_list":["post-1311","post","type-post","status-publish","format-standard","hentry","category-ausstellungen"],"_links":{"self":[{"href":"https:\/\/neu.kunsthaus-viernheim.de\/index.php?rest_route=\/wp\/v2\/posts\/1311","targetHints":{"allow":["GET"]}}],"collection":[{"href":"https:\/\/neu.kunsthaus-viernheim.de\/index.php?rest_route=\/wp\/v2\/posts"}],"about":[{"href":"https:\/\/neu.kunsthaus-viernheim.de\/index.php?rest_route=\/wp\/v2\/types\/post"}],"author":[{"embeddable":true,"href":"https:\/\/neu.kunsthaus-viernheim.de\/index.php?rest_route=\/wp\/v2\/users\/2"}],"replies":[{"embeddable":true,"href":"https:\/\/neu.kunsthaus-viernheim.de\/index.php?rest_route=%2Fwp%2Fv2%2Fcomments&post=1311"}],"version-history":[{"count":4,"href":"https:\/\/neu.kunsthaus-viernheim.de\/index.php?rest_route=\/wp\/v2\/posts\/1311\/revisions"}],"predecessor-version":[{"id":1319,"href":"https:\/\/neu.kunsthaus-viernheim.de\/index.php?rest_route=\/wp\/v2\/posts\/1311\/revisions\/1319"}],"wp:attachment":[{"href":"https:\/\/neu.kunsthaus-viernheim.de\/index.php?rest_route=%2Fwp%2Fv2%2Fmedia&parent=1311"}],"wp:term":[{"taxonomy":"category","embeddable":true,"href":"https:\/\/neu.kunsthaus-viernheim.de\/index.php?rest_route=%2Fwp%2Fv2%2Fcategories&post=1311"},{"taxonomy":"post_tag","embeddable":true,"href":"https:\/\/neu.kunsthaus-viernheim.de\/index.php?rest_route=%2Fwp%2Fv2%2Ftags&post=1311"}],"curies":[{"name":"wp","href":"https:\/\/api.w.org\/{rel}","templated":true}]}}