{"id":1092,"date":"2020-01-24T13:58:03","date_gmt":"2020-01-24T13:58:03","guid":{"rendered":"https:\/\/neu.kunsthaus-viernheim.de\/?page_id=1092"},"modified":"2024-08-05T08:06:54","modified_gmt":"2024-08-05T08:06:54","slug":"redrum-susanne-neiss","status":"publish","type":"post","link":"https:\/\/neu.kunsthaus-viernheim.de\/?p=1092","title":{"rendered":"Redrum &#8211; Susanne Neiss"},"content":{"rendered":"\n<figure class=\"wp-block-image size-large\"><img loading=\"lazy\" decoding=\"async\" width=\"1024\" height=\"333\" src=\"https:\/\/neu.kunsthaus-viernheim.de\/wp-content\/uploads\/2020\/01\/Header_kl-1024x333.jpg\" alt=\"\" class=\"wp-image-1096\" srcset=\"https:\/\/neu.kunsthaus-viernheim.de\/wp-content\/uploads\/2020\/01\/Header_kl-1024x333.jpg 1024w, https:\/\/neu.kunsthaus-viernheim.de\/wp-content\/uploads\/2020\/01\/Header_kl-300x97.jpg 300w, https:\/\/neu.kunsthaus-viernheim.de\/wp-content\/uploads\/2020\/01\/Header_kl-768x249.jpg 768w, https:\/\/neu.kunsthaus-viernheim.de\/wp-content\/uploads\/2020\/01\/Header_kl-500x162.jpg 500w, https:\/\/neu.kunsthaus-viernheim.de\/wp-content\/uploads\/2020\/01\/Header_kl.jpg 1130w\" sizes=\"auto, (max-width: 1024px) 100vw, 1024px\" \/><\/figure>\n\n\n\n<p><strong>Er\u00f6ffnung am Freitag, 7. Februar um 19 Uhr<\/strong><\/p>\n\n\n\n<p>R\u00e4tselhaft verst\u00f6rend erscheint die Solo-Show von Susanne Neiss im KunstveViernheim: Farbspritzer in dunklem Purpur, ein Schriftzug auf einer vor S\u00fc\u00dfe triefenden Wand. Dahinter ein wandf\u00fcllendes Ensemble in gebrochenem Rot, Gelb, Orange und zartem Rosa. Scheinbare Harmonie, fleischliche Assoziationen. K\u00f6rperlichkeit, Intimit\u00e4t, Sexualit\u00e4t. Ein Dschungel aus N\u00e4he, Emotionalit\u00e4t und \u2013 Riss! \u2013 offener Gewalt. <\/p>\n\n\n\n<p>Der Schatten einer Messerklinge schiebt sich brutal in die\nSzenerie. Die Stimmung kippt. Wo eben noch lustvolles Rot, weiche \u00dcberg\u00e4nge und\nm\u00e4dchenhafte Muster waren, herrschen auf einmal Sprachlosigkeit und Erschauern.\nIst es wirklich das, was man zu erkennen glaubt? Der Schnitt durch das\nansonsten tadellose, samtig-weiche Laken unserer Phantasie?<\/p>\n\n\n\n<p>Das Bild wird mensch nicht mehr los. Es bleibt. Genauso wie\nin der Erinnerung derer, die als Tochter, als Schwester, als wehrloses Kind zum\nOpfer sexueller Gewalt wurden, deren heile Welt zerschnitten und deren Gef\u00fchle\nzerteilt wurden. <\/p>\n\n\n\n<p>Die K\u00fcnstlerin weicht, trotz der erschreckenden Symbolik,\nfest zementierte Muster im Umgang mit dem Tabu sexuellen Missbrauchs auf. Eine\nminuti\u00f6se, pr\u00e4zise Sezierung eigenen Erlebens, \u00fcbersetzt in die Sprache der\nKunst, die das traumatische Geschehen herausarbeitet und \u00fcberhaupt erst\nsichtbar macht. <\/p>\n\n\n\n<p>\u00c4hnlich einer Spiegelwelt sind vielgestalte Interpretationen\nm\u00f6glich: Das nette Bild einer scheinbar harmlosen, bonbonfarbenen,\nm\u00e4dchenhaften Traumwelt versus der Monstrosit\u00e4t der Ereignisse, die als Kind\n(noch) nicht in Worte oder Bilder zu fassen sind. Wie der Titel der Ausstellung\n\u201aredrum\u2018, der r\u00fcckw\u00e4rts gelesen \u201aMurder\u2018 ergibt.<\/p>\n","protected":false},"excerpt":{"rendered":"<p>Er\u00f6ffnung am Freitag, 7. Februar um 19 Uhr R\u00e4tselhaft verst\u00f6rend erscheint die Solo-Show von Susanne Neiss im KunstveViernheim: Farbspritzer in dunklem Purpur, ein Schriftzug auf einer vor S\u00fc\u00dfe triefenden Wand. Dahinter ein wandf\u00fcllendes Ensemble in gebrochenem Rot, Gelb, Orange und &hellip; <a href=\"https:\/\/neu.kunsthaus-viernheim.de\/?p=1092\">Weiterlesen <span class=\"meta-nav\">&rarr;<\/span><\/a><\/p>\n","protected":false},"author":2,"featured_media":0,"comment_status":"closed","ping_status":"closed","sticky":false,"template":"","format":"standard","meta":{"footnotes":""},"categories":[19],"tags":[],"class_list":["post-1092","post","type-post","status-publish","format-standard","hentry","category-ausstellungen"],"_links":{"self":[{"href":"https:\/\/neu.kunsthaus-viernheim.de\/index.php?rest_route=\/wp\/v2\/posts\/1092","targetHints":{"allow":["GET"]}}],"collection":[{"href":"https:\/\/neu.kunsthaus-viernheim.de\/index.php?rest_route=\/wp\/v2\/posts"}],"about":[{"href":"https:\/\/neu.kunsthaus-viernheim.de\/index.php?rest_route=\/wp\/v2\/types\/post"}],"author":[{"embeddable":true,"href":"https:\/\/neu.kunsthaus-viernheim.de\/index.php?rest_route=\/wp\/v2\/users\/2"}],"replies":[{"embeddable":true,"href":"https:\/\/neu.kunsthaus-viernheim.de\/index.php?rest_route=%2Fwp%2Fv2%2Fcomments&post=1092"}],"version-history":[{"count":3,"href":"https:\/\/neu.kunsthaus-viernheim.de\/index.php?rest_route=\/wp\/v2\/posts\/1092\/revisions"}],"predecessor-version":[{"id":1098,"href":"https:\/\/neu.kunsthaus-viernheim.de\/index.php?rest_route=\/wp\/v2\/posts\/1092\/revisions\/1098"}],"wp:attachment":[{"href":"https:\/\/neu.kunsthaus-viernheim.de\/index.php?rest_route=%2Fwp%2Fv2%2Fmedia&parent=1092"}],"wp:term":[{"taxonomy":"category","embeddable":true,"href":"https:\/\/neu.kunsthaus-viernheim.de\/index.php?rest_route=%2Fwp%2Fv2%2Fcategories&post=1092"},{"taxonomy":"post_tag","embeddable":true,"href":"https:\/\/neu.kunsthaus-viernheim.de\/index.php?rest_route=%2Fwp%2Fv2%2Ftags&post=1092"}],"curies":[{"name":"wp","href":"https:\/\/api.w.org\/{rel}","templated":true}]}}