{"id":1011,"date":"2019-07-30T13:42:41","date_gmt":"2019-07-30T13:42:41","guid":{"rendered":"https:\/\/neu.kunsthaus-viernheim.de\/?page_id=1011"},"modified":"2024-08-05T08:06:54","modified_gmt":"2024-08-05T08:06:54","slug":"jubilaeumsparty","status":"publish","type":"post","link":"https:\/\/neu.kunsthaus-viernheim.de\/?p=1011","title":{"rendered":"JUBIL\u00c4UMSPARTY"},"content":{"rendered":"\n<h2 class=\"wp-block-heading\">Samstag, 24.8. 15 bis ca. 22 Uhr<\/h2>\n\n\n\n<figure class=\"wp-block-image\"><img loading=\"lazy\" decoding=\"async\" width=\"1000\" height=\"267\" src=\"https:\/\/neu.kunsthaus-viernheim.de\/wp-content\/uploads\/2019\/07\/Foto_Mail100.jpg\" alt=\"\" class=\"wp-image-1008\" srcset=\"https:\/\/neu.kunsthaus-viernheim.de\/wp-content\/uploads\/2019\/07\/Foto_Mail100.jpg 1000w, https:\/\/neu.kunsthaus-viernheim.de\/wp-content\/uploads\/2019\/07\/Foto_Mail100-300x80.jpg 300w, https:\/\/neu.kunsthaus-viernheim.de\/wp-content\/uploads\/2019\/07\/Foto_Mail100-768x205.jpg 768w, https:\/\/neu.kunsthaus-viernheim.de\/wp-content\/uploads\/2019\/07\/Foto_Mail100-500x134.jpg 500w\" sizes=\"auto, (max-width: 1000px) 100vw, 1000px\" \/><\/figure>\n\n\n\n<p>Der Kunstverein Viernheim wurde 1999 gegr\u00fcndet und blickt deshalb in diesem Jahr auf 20 Jahre Ausstellungst\u00e4tigkeit zur\u00fcck. Von Anfang an war es die Intention sich mit aktuellen Tendenzen der Gegenwartskunst zu besch\u00e4ftigen.<br> Anfangs noch ausschlie\u00dflich im Gew\u00f6lbekeller in der H\u00fcgelstra\u00dfe, bespielen die Ausstellungsmacher seit 2006 haupts\u00e4chlich das Kunsthaus Viernheim, das sie mitkonzipiert und -begr\u00fcndet haben. Dort pr\u00e4sentiert der Kunstverein einen offenen Austausch \u00fcber regionale und internationale Kunst mitten in der Innenstadt von Viernheim. International bekannte K\u00fcnstler\/-innen, wie Eberhard Bosslet, Yvonne Goulbier, Chen Ke, Thomas Rentmeister u.a. pr\u00e4sentierten in Viernheim viel beachtete Arbeiten. Die Videoinstallation SCANNER von Pavel Mrkus wurde sogar vom art Kunstmagazin zu den wichtigsten 100 Ausstellungen weltweit gek\u00fcrt.<\/p>\n\n\n\n<h2 class=\"wp-block-heading\">Programm:<\/h2>\n\n\n\n<p>Livemusik<br> <strong>Nico Arnold<\/strong> (Piano und Gesang) | <strong>Music 4 Future<\/strong> (Frauenchor<br> Viernheim) | <strong>Julian Thome<\/strong> (Popgitarre und Gesang) | <strong>Laurent<br> Leroi<\/strong> (Akkordeon) |<strong>Merit Eiermann<\/strong> (Sopran)<br> Performances<br> <strong>Silvia Szab\u00f2 | Illig + Illig<\/strong> (<strong>Constanze und Norbert Illig<\/strong>)|<br> J<strong>ohanna Baumg\u00e4rtel und Werner Degreif<\/strong><br> Fotografieausstellung<br> von Mitgliedern, Besuchern und Freunden<br> Portraitkarikaturen<br> Live vor Ort von <strong>Dieter Augstein<\/strong><br> u.v.m.<\/p>\n","protected":false},"excerpt":{"rendered":"<p>Samstag, 24.8. 15 bis ca. 22 Uhr Der Kunstverein Viernheim wurde 1999 gegr\u00fcndet und blickt deshalb in diesem Jahr auf 20 Jahre Ausstellungst\u00e4tigkeit zur\u00fcck. Von Anfang an war es die Intention sich mit aktuellen Tendenzen der Gegenwartskunst zu besch\u00e4ftigen. Anfangs &hellip; <a href=\"https:\/\/neu.kunsthaus-viernheim.de\/?p=1011\">Weiterlesen <span class=\"meta-nav\">&rarr;<\/span><\/a><\/p>\n","protected":false},"author":2,"featured_media":0,"comment_status":"closed","ping_status":"closed","sticky":false,"template":"","format":"standard","meta":{"footnotes":""},"categories":[19],"tags":[],"class_list":["post-1011","post","type-post","status-publish","format-standard","hentry","category-ausstellungen"],"_links":{"self":[{"href":"https:\/\/neu.kunsthaus-viernheim.de\/index.php?rest_route=\/wp\/v2\/posts\/1011","targetHints":{"allow":["GET"]}}],"collection":[{"href":"https:\/\/neu.kunsthaus-viernheim.de\/index.php?rest_route=\/wp\/v2\/posts"}],"about":[{"href":"https:\/\/neu.kunsthaus-viernheim.de\/index.php?rest_route=\/wp\/v2\/types\/post"}],"author":[{"embeddable":true,"href":"https:\/\/neu.kunsthaus-viernheim.de\/index.php?rest_route=\/wp\/v2\/users\/2"}],"replies":[{"embeddable":true,"href":"https:\/\/neu.kunsthaus-viernheim.de\/index.php?rest_route=%2Fwp%2Fv2%2Fcomments&post=1011"}],"version-history":[{"count":6,"href":"https:\/\/neu.kunsthaus-viernheim.de\/index.php?rest_route=\/wp\/v2\/posts\/1011\/revisions"}],"predecessor-version":[{"id":1028,"href":"https:\/\/neu.kunsthaus-viernheim.de\/index.php?rest_route=\/wp\/v2\/posts\/1011\/revisions\/1028"}],"wp:attachment":[{"href":"https:\/\/neu.kunsthaus-viernheim.de\/index.php?rest_route=%2Fwp%2Fv2%2Fmedia&parent=1011"}],"wp:term":[{"taxonomy":"category","embeddable":true,"href":"https:\/\/neu.kunsthaus-viernheim.de\/index.php?rest_route=%2Fwp%2Fv2%2Fcategories&post=1011"},{"taxonomy":"post_tag","embeddable":true,"href":"https:\/\/neu.kunsthaus-viernheim.de\/index.php?rest_route=%2Fwp%2Fv2%2Ftags&post=1011"}],"curies":[{"name":"wp","href":"https:\/\/api.w.org\/{rel}","templated":true}]}}